{"id":8169,"date":"2022-02-03T15:04:03","date_gmt":"2022-02-03T14:04:03","guid":{"rendered":"https:\/\/www.fsg-ruethen.de\/fsg\/?p=8169"},"modified":"2022-02-03T15:52:31","modified_gmt":"2022-02-03T14:52:31","slug":"choere","status":"publish","type":"post","link":"https:\/\/www.fsg-ruethen.de\/fsg\/choere\/","title":{"rendered":"Ch\u00f6re"},"content":{"rendered":"\n<h2 class=\"wp-block-heading\" id=\"erprobungsstufenchor-voicekids-jgst-5-6\">Erprobungsstufenchor VoiceKids (Jgst. 5-6)<\/h2>\n\n\n\n<figure class=\"wp-block-image size-full\"><img fetchpriority=\"high\" decoding=\"async\" width=\"1200\" height=\"600\" src=\"https:\/\/www.fsg-ruethen.de\/fsg\/wp-content\/uploads\/2022\/02\/voice-kids-1200x600-02.jpg\" alt=\"Voice Kids am FSG\" class=\"wp-image-8171\" srcset=\"https:\/\/www.fsg-ruethen.de\/fsg\/wp-content\/uploads\/2022\/02\/voice-kids-1200x600-02.jpg 1200w, https:\/\/www.fsg-ruethen.de\/fsg\/wp-content\/uploads\/2022\/02\/voice-kids-1200x600-02-300x150.jpg 300w, https:\/\/www.fsg-ruethen.de\/fsg\/wp-content\/uploads\/2022\/02\/voice-kids-1200x600-02-768x384.jpg 768w\" sizes=\"(max-width: 1200px) 100vw, 1200px\" \/><\/figure>\n\n\n\n<p>Der Kinderchor VoiceKids ist Teil unserer Neigungsbandf\u00e4cher f\u00fcr die Erprobungsstufe und wird von Kindern der Jgst. 5\/6 besucht. Die Kinder, die in der Jgst. 5 die Gesangsklasse angew\u00e4hlt haben, nehmen automatisch am Chor VoiceKids teil.<\/p>\n\n\n\n<p>Der Chor richtet sich an alle singfreudigen Kinder, die Lust und Spa\u00df haben, das Schulleben aktiv mitzugestalten. Dazu geh\u00f6rt die traditionelle musikalische Begr\u00fc\u00dfung beim j\u00e4hrlichen Tag der offenen T\u00fcr, zudem Auftritte beim j\u00e4hrlich stattfindenden gro\u00dfen Ensemblekonzert des FSG und mindestens alle 2 Jahre in Kooperation mit dem Schauspielhaus des Neigungsbandes schuleigene Musicalauff\u00fchrungen.<\/p>\n\n\n\n<h2 class=\"wp-block-heading\" id=\"mittelstufenchor-voiceteens-jgst-7-9\">Mittelstufenchor VoiceTeens (Jgst. 7-9)<\/h2>\n\n\n\n<figure class=\"wp-block-image size-full\"><img decoding=\"async\" width=\"1200\" height=\"600\" src=\"https:\/\/www.fsg-ruethen.de\/fsg\/wp-content\/uploads\/2022\/02\/voice-teens-1200x600-1.jpg\" alt=\"Voice Teens am FSG\" class=\"wp-image-8172\" srcset=\"https:\/\/www.fsg-ruethen.de\/fsg\/wp-content\/uploads\/2022\/02\/voice-teens-1200x600-1.jpg 1200w, https:\/\/www.fsg-ruethen.de\/fsg\/wp-content\/uploads\/2022\/02\/voice-teens-1200x600-1-300x150.jpg 300w, https:\/\/www.fsg-ruethen.de\/fsg\/wp-content\/uploads\/2022\/02\/voice-teens-1200x600-1-768x384.jpg 768w\" sizes=\"(max-width: 1200px) 100vw, 1200px\" \/><\/figure>\n\n\n\n<p>Die Mittelstufenchor-AG VoiceTeens richtet sich an alle Sch\u00fclerinnen und Sch\u00fcler aus den Jahrgangsstufen 7-9. Neben Warm-Up-\u00dcbungen f\u00fcr eine gesunde Stimme und f\u00fcr die richtige K\u00f6rperhaltung beim Singen stehen vor allem melodi\u00f6se Songs aus den unterschiedlichsten musikalischen Bereichen auf dem Probenplan: Musical, Disney, Pop, Gospel \u2013 mal schmissig und fetzig, mal ruhig und sanft. Zudem werden einige Songs auch rhythmisch begleitet \u2013 und das ganz ohne Instrumente, zum Beispiel mit Body Percussion oder Beatboxing. Die Jugendlichen \u00fcben sich au\u00dferdem in mehrstimmigen Liedern und kurzen Soli. In Schulkonzerten und zu bestimmten Schulanl\u00e4ssen werden die Ergebnisse der w\u00f6chentlichen Proben auf der B\u00fchne einem Publikum pr\u00e4sentiert. Dabei steht immer eines im Vordergrund: Der Spa\u00df am Singen!<\/p>\n\n\n\n<h2 class=\"wp-block-heading\" id=\"oberstufenchor-jgst-ef-q2\">Oberstufenchor (Jgst. EF-Q2)<\/h2>\n\n\n\n<figure class=\"wp-block-image size-full\"><img decoding=\"async\" width=\"1199\" height=\"600\" src=\"https:\/\/www.fsg-ruethen.de\/fsg\/wp-content\/uploads\/2022\/02\/oberstufenchor-1200x600-1.jpg\" alt=\"Oberstufenchor am FSG\" class=\"wp-image-8173\" srcset=\"https:\/\/www.fsg-ruethen.de\/fsg\/wp-content\/uploads\/2022\/02\/oberstufenchor-1200x600-1.jpg 1199w, https:\/\/www.fsg-ruethen.de\/fsg\/wp-content\/uploads\/2022\/02\/oberstufenchor-1200x600-1-300x150.jpg 300w, https:\/\/www.fsg-ruethen.de\/fsg\/wp-content\/uploads\/2022\/02\/oberstufenchor-1200x600-1-768x384.jpg 768w\" sizes=\"(max-width: 1199px) 100vw, 1199px\" \/><\/figure>\n\n\n\n<p>Von Musical- bis zu Rocksongs &#8211; hier ist wirklich alles dabei! Der Oberstufenchor des FSG R\u00fcthen gibt dir die Chance, dich frei zu entfalten und deine Gesangsk\u00fcnste unter Beweis zu stellen. Egal ob Sopran, Alt, Tenor oder Bass, jeder ist hier herzlich willkommen. Sowohl Mits\u00e4nger(innen) als auch mutige Solist(inn)en sind erw\u00fcnscht. Und nicht nur das Singen steht im Vordergrund! Die Aspekte Zusammenarbeit und Spa\u00df haben, nehmen ebenfalls einen gro\u00dfen Stellenwert bei uns ein. Da kannst du dir sicher sein: es wird nie langweilig! Dar\u00fcber hinaus nimmt der Oberstufenchor, unter der Leitung von Herrn Dr. Hucht, an zahlreichen Schulevents teil, um sein K\u00f6nnen zu zeigen.<\/p>\n","protected":false},"excerpt":{"rendered":"<p>Erprobungsstufenchor VoiceKids (Jgst. 5-6) Der Kinderchor VoiceKids ist Teil unserer Neigungsbandf\u00e4cher f\u00fcr die Erprobungsstufe und wird von Kindern der Jgst. 5\/6 besucht. Die Kinder, die in der Jgst. 5 die [&hellip;]<\/p>\n","protected":false},"author":1,"featured_media":8195,"comment_status":"closed","ping_status":"closed","sticky":false,"template":"","format":"standard","meta":{"ocean_post_layout":"","ocean_both_sidebars_style":"","ocean_both_sidebars_content_width":0,"ocean_both_sidebars_sidebars_width":0,"ocean_sidebar":"0","ocean_second_sidebar":"0","ocean_disable_margins":"enable","ocean_add_body_class":"","ocean_shortcode_before_top_bar":"","ocean_shortcode_after_top_bar":"","ocean_shortcode_before_header":"","ocean_shortcode_after_header":"","ocean_has_shortcode":"","ocean_shortcode_after_title":"","ocean_shortcode_before_footer_widgets":"","ocean_shortcode_after_footer_widgets":"","ocean_shortcode_before_footer_bottom":"","ocean_shortcode_after_footer_bottom":"","ocean_display_top_bar":"default","ocean_display_header":"default","ocean_header_style":"","ocean_center_header_left_menu":"0","ocean_custom_header_template":"0","ocean_custom_logo":0,"ocean_custom_retina_logo":0,"ocean_custom_logo_max_width":0,"ocean_custom_logo_tablet_max_width":0,"ocean_custom_logo_mobile_max_width":0,"ocean_custom_logo_max_height":0,"ocean_custom_logo_tablet_max_height":0,"ocean_custom_logo_mobile_max_height":0,"ocean_header_custom_menu":"0","ocean_menu_typo_font_family":"0","ocean_menu_typo_font_subset":"","ocean_menu_typo_font_size":0,"ocean_menu_typo_font_size_tablet":0,"ocean_menu_typo_font_size_mobile":0,"ocean_menu_typo_font_size_unit":"px","ocean_menu_typo_font_weight":"","ocean_menu_typo_font_weight_tablet":"","ocean_menu_typo_font_weight_mobile":"","ocean_menu_typo_transform":"","ocean_menu_typo_transform_tablet":"","ocean_menu_typo_transform_mobile":"","ocean_menu_typo_line_height":0,"ocean_menu_typo_line_height_tablet":0,"ocean_menu_typo_line_height_mobile":0,"ocean_menu_typo_line_height_unit":"","ocean_menu_typo_spacing":0,"ocean_menu_typo_spacing_tablet":0,"ocean_menu_typo_spacing_mobile":0,"ocean_menu_typo_spacing_unit":"","ocean_menu_link_color":"","ocean_menu_link_color_hover":"","ocean_menu_link_color_active":"","ocean_menu_link_background":"","ocean_menu_link_hover_background":"","ocean_menu_link_active_background":"","ocean_menu_social_links_bg":"","ocean_menu_social_hover_links_bg":"","ocean_menu_social_links_color":"","ocean_menu_social_hover_links_color":"","ocean_disable_title":"default","ocean_disable_heading":"default","ocean_post_title":"","ocean_post_subheading":"","ocean_post_title_style":"","ocean_post_title_background_color":"","ocean_post_title_background":0,"ocean_post_title_bg_image_position":"","ocean_post_title_bg_image_attachment":"","ocean_post_title_bg_image_repeat":"","ocean_post_title_bg_image_size":"","ocean_post_title_height":0,"ocean_post_title_bg_overlay":0.5,"ocean_post_title_bg_overlay_color":"","ocean_disable_breadcrumbs":"default","ocean_breadcrumbs_color":"","ocean_breadcrumbs_separator_color":"","ocean_breadcrumbs_links_color":"","ocean_breadcrumbs_links_hover_color":"","ocean_display_footer_widgets":"default","ocean_display_footer_bottom":"default","ocean_custom_footer_template":"0","omw_enable_modal_window":"enable","ocean_post_oembed":"","ocean_post_self_hosted_media":"","ocean_post_video_embed":"","ocean_link_format":"","ocean_link_format_target":"self","ocean_quote_format":"","ocean_quote_format_link":"post","ocean_gallery_link_images":"off","ocean_gallery_id":[],"footnotes":""},"categories":[26,29,21,57,30],"tags":[45,37,56,40],"class_list":["post-8169","post","type-post","status-publish","format-standard","has-post-thumbnail","hentry","category-ausserunterrichtlichs-lernen","category-arbeitsgemeinschaften","category-lernenbausteine","category-musik-faecher","category-veranstaltungen","tag-ausserunterrichtliches-lernen","tag-foerdern","tag-musik","tag-veranstaltungen","entry","has-media"],"_links":{"self":[{"href":"https:\/\/www.fsg-ruethen.de\/fsg\/wp-json\/wp\/v2\/posts\/8169","targetHints":{"allow":["GET"]}}],"collection":[{"href":"https:\/\/www.fsg-ruethen.de\/fsg\/wp-json\/wp\/v2\/posts"}],"about":[{"href":"https:\/\/www.fsg-ruethen.de\/fsg\/wp-json\/wp\/v2\/types\/post"}],"author":[{"embeddable":true,"href":"https:\/\/www.fsg-ruethen.de\/fsg\/wp-json\/wp\/v2\/users\/1"}],"replies":[{"embeddable":true,"href":"https:\/\/www.fsg-ruethen.de\/fsg\/wp-json\/wp\/v2\/comments?post=8169"}],"version-history":[{"count":0,"href":"https:\/\/www.fsg-ruethen.de\/fsg\/wp-json\/wp\/v2\/posts\/8169\/revisions"}],"wp:featuredmedia":[{"embeddable":true,"href":"https:\/\/www.fsg-ruethen.de\/fsg\/wp-json\/wp\/v2\/media\/8195"}],"wp:attachment":[{"href":"https:\/\/www.fsg-ruethen.de\/fsg\/wp-json\/wp\/v2\/media?parent=8169"}],"wp:term":[{"taxonomy":"category","embeddable":true,"href":"https:\/\/www.fsg-ruethen.de\/fsg\/wp-json\/wp\/v2\/categories?post=8169"},{"taxonomy":"post_tag","embeddable":true,"href":"https:\/\/www.fsg-ruethen.de\/fsg\/wp-json\/wp\/v2\/tags?post=8169"}],"curies":[{"name":"wp","href":"https:\/\/api.w.org\/{rel}","templated":true}]}}