{"id":3147,"date":"2021-04-01T13:17:24","date_gmt":"2021-04-01T11:17:24","guid":{"rendered":"https:\/\/www.fsg-ruethen.de\/wp\/?p=3147"},"modified":"2021-06-05T18:40:29","modified_gmt":"2021-06-05T16:40:29","slug":"berufliche-orientierung-digital","status":"publish","type":"post","link":"https:\/\/www.fsg-ruethen.de\/fsg\/berufliche-orientierung-digital\/","title":{"rendered":"Berufliche Orientierung digital"},"content":{"rendered":"\n<h1 class=\"wp-block-heading\">Wichtige Quellen im Netz<\/h1>\n\n\n\n<h2 class=\"wp-block-heading\">Allgemein<\/h2>\n\n\n\n<p>Informationen zum Landesvorhaben \u201eKein Abschluss ohne Anschluss\u201c (kurz: KAoA): <a href=\"http:\/\/www.berufsorientierung-nrw.de\/landesinitiative\/index.html\" target=\"_blank\" rel=\"noreferrer noopener\">http:\/\/www.berufsorientierung-nrw.de\/landesinitiative\/index.html<\/a><\/p>\n\n\n\n<p>Kommunale Koordinierung des Kreises Soest: <a href=\"https:\/\/www.kreis-soest.de\/bildungsregion\/koord\/uebergang_schule_beruf.php?ajaxsearch=1\" target=\"_blank\" rel=\"noreferrer noopener\">https:\/\/www.kreis-soest.de\/bildungsregion\/koord\/uebergang_schule_beruf.php?ajaxsearch=1<\/a><\/p>\n\n\n\n<h2 class=\"wp-block-heading\">Sek. I<\/h2>\n\n\n\n<p>Berufsfelderkundungstage (Portal zur Buchung von Praktikumspl\u00e4tzen im Kreis Soest): <a rel=\"noreferrer noopener\" href=\"https:\/\/berufsfelderkundung-kreis-soest.de\" target=\"_blank\">https:\/\/berufsfelderkundung-kreis-soest.de<\/a><\/p>\n\n\n\n<p>Girls\u00b4Day: <a href=\"https:\/\/www.girls-day.de\" target=\"_blank\" rel=\"noreferrer noopener\">https:\/\/www.girls-day.de<\/a><\/p>\n\n\n\n<p>Boys\u00b4Day: <a href=\"https:\/\/www.boys-day.de\" target=\"_blank\" rel=\"noreferrer noopener\">https:\/\/www.boys-day.de<\/a><\/p>\n\n\n\n<h2 class=\"wp-block-heading\">Sek. II &nbsp;und Wege nach dem Abitur<\/h2>\n\n\n\n<p>Bundesfreiwilligendienst: <a href=\"https:\/\/www.bundesfreiwilligendienst.de\/\" target=\"_blank\" rel=\"noreferrer noopener\">https:\/\/www.bundesfreiwilligendienst.de\/<\/a><br>Das Friedrich-Spee-Gymnasium bietet eine Stelle an.<\/p>\n\n\n\n<p>Erkundungstool Check-U der Bundesagentur f\u00fcr Arbeit (Anhand der ermittelten St\u00e4rken hilft es herauszufinden, mit welchen der vielen Ausbildungsberufe und Studienfelder sich weiter besch\u00e4ftigt werden sollte.): <a href=\"https:\/\/www.arbeitsagentur.de\/bildung\/welche-ausbildung-welches-studium-passt\" target=\"_blank\" rel=\"noreferrer noopener\">https:\/\/www.arbeitsagentur.de\/bildung\/welche-ausbildung-welches-studium-passt<\/a><\/p>\n\n\n\n<p>BERUFENET (Informationen \u00fcber Ausbildungen, Studieng\u00e4nge und Berufe): <br><a href=\"http:\/\/www.berufenet.arbeitsagentur.de\">www.berufenet.arbeitsagentur.de<\/a><\/p>\n\n\n\n<p>Jobb\u00f6rse (Ausbildungsstellen und duale Studieng\u00e4nge online finden): <a href=\"http:\/\/www.jobboerse.arbeitsagentur.de\/\">www.jobboerse.arbeitsagentur.de<\/a><\/p>\n\n\n\n<p>Studienwahl (Informationen und Orientierungshilfe rund um das Thema \u201eStudium\u201c): <a href=\"http:\/\/www.berufenet.arbeitsagentur.de\/\" target=\"_blank\" rel=\"noreferrer noopener\">www.studienwahl.de<\/a><\/p>\n\n\n\n<p>Hochschulkompass (Informationen \u00fcber Studieng\u00e4nge, Hochschulen und Promotionen in Deutschland): <a href=\"https:\/\/www.hochschulkompass.de\/home.html\" target=\"_blank\" rel=\"noreferrer noopener\">https:\/\/www.hochschulkompass.de\/home.html<\/a><\/p>\n\n\n\n<p>Hochschulstart (Informationen und Vergabe aller bundesweit zulassungsbeschr\u00e4nkten Studieng\u00e4nge und einige \u00f6rtlich zulassungsbeschr\u00e4nkte im Serviceverfahren): <a href=\"http:\/\/www.hochschulstart.de\/\" target=\"_blank\" rel=\"noreferrer noopener\">www.hochschulstart.de<\/a><\/p>\n\n\n\n<h2 class=\"wp-block-heading\">Internationale Jugendgemeinschaftsdienste (IJGD)<\/h2>\n\n\n\n<p>Freiwilligendienste in der ganzen Welt: <a href=\"http:\/\/www.ijgd.de\/\" target=\"_blank\" rel=\"noreferrer noopener\">www.ijgd.de<\/a><\/p>\n\n\n\n<p><\/p>\n","protected":false},"excerpt":{"rendered":"<p>Wichtige Quellen im Netz Allgemein Informationen zum Landesvorhaben \u201eKein Abschluss ohne Anschluss\u201c (kurz: KAoA): http:\/\/www.berufsorientierung-nrw.de\/landesinitiative\/index.html Kommunale Koordinierung des Kreises Soest: https:\/\/www.kreis-soest.de\/bildungsregion\/koord\/uebergang_schule_beruf.php?ajaxsearch=1 Sek. I Berufsfelderkundungstage (Portal zur Buchung von Praktikumspl\u00e4tzen im [&hellip;]<\/p>\n","protected":false},"author":1,"featured_media":0,"comment_status":"closed","ping_status":"closed","sticky":false,"template":"","format":"standard","meta":{"ocean_post_layout":"","ocean_both_sidebars_style":"","ocean_both_sidebars_content_width":0,"ocean_both_sidebars_sidebars_width":0,"ocean_sidebar":"0","ocean_second_sidebar":"0","ocean_disable_margins":"enable","ocean_add_body_class":"","ocean_shortcode_before_top_bar":"","ocean_shortcode_after_top_bar":"","ocean_shortcode_before_header":"","ocean_shortcode_after_header":"","ocean_has_shortcode":"","ocean_shortcode_after_title":"","ocean_shortcode_before_footer_widgets":"","ocean_shortcode_after_footer_widgets":"","ocean_shortcode_before_footer_bottom":"","ocean_shortcode_after_footer_bottom":"","ocean_display_top_bar":"default","ocean_display_header":"default","ocean_header_style":"","ocean_center_header_left_menu":"0","ocean_custom_header_template":"0","ocean_custom_logo":0,"ocean_custom_retina_logo":0,"ocean_custom_logo_max_width":0,"ocean_custom_logo_tablet_max_width":0,"ocean_custom_logo_mobile_max_width":0,"ocean_custom_logo_max_height":0,"ocean_custom_logo_tablet_max_height":0,"ocean_custom_logo_mobile_max_height":0,"ocean_header_custom_menu":"0","ocean_menu_typo_font_family":"0","ocean_menu_typo_font_subset":"","ocean_menu_typo_font_size":0,"ocean_menu_typo_font_size_tablet":0,"ocean_menu_typo_font_size_mobile":0,"ocean_menu_typo_font_size_unit":"px","ocean_menu_typo_font_weight":"","ocean_menu_typo_font_weight_tablet":"","ocean_menu_typo_font_weight_mobile":"","ocean_menu_typo_transform":"","ocean_menu_typo_transform_tablet":"","ocean_menu_typo_transform_mobile":"","ocean_menu_typo_line_height":0,"ocean_menu_typo_line_height_tablet":0,"ocean_menu_typo_line_height_mobile":0,"ocean_menu_typo_line_height_unit":"","ocean_menu_typo_spacing":0,"ocean_menu_typo_spacing_tablet":0,"ocean_menu_typo_spacing_mobile":0,"ocean_menu_typo_spacing_unit":"","ocean_menu_link_color":"","ocean_menu_link_color_hover":"","ocean_menu_link_color_active":"","ocean_menu_link_background":"","ocean_menu_link_hover_background":"","ocean_menu_link_active_background":"","ocean_menu_social_links_bg":"","ocean_menu_social_hover_links_bg":"","ocean_menu_social_links_color":"","ocean_menu_social_hover_links_color":"","ocean_disable_title":"default","ocean_disable_heading":"default","ocean_post_title":"","ocean_post_subheading":"","ocean_post_title_style":"background-image","ocean_post_title_background_color":"","ocean_post_title_background":4773,"ocean_post_title_bg_image_position":"","ocean_post_title_bg_image_attachment":"","ocean_post_title_bg_image_repeat":"","ocean_post_title_bg_image_size":"","ocean_post_title_height":200,"ocean_post_title_bg_overlay":0.5,"ocean_post_title_bg_overlay_color":"","ocean_disable_breadcrumbs":"default","ocean_breadcrumbs_color":"","ocean_breadcrumbs_separator_color":"","ocean_breadcrumbs_links_color":"","ocean_breadcrumbs_links_hover_color":"","ocean_display_footer_widgets":"default","ocean_display_footer_bottom":"default","ocean_custom_footer_template":"0","omw_enable_modal_window":"enable","ocean_post_oembed":"","ocean_post_self_hosted_media":"","ocean_post_video_embed":"","ocean_link_format":"","ocean_link_format_target":"self","ocean_quote_format":"","ocean_quote_format_link":"post","ocean_gallery_link_images":"off","ocean_gallery_id":[],"footnotes":""},"categories":[44,21],"tags":[43,65],"class_list":["post-3147","post","type-post","status-publish","format-standard","hentry","category-berufsorientierung","category-lernenbausteine","tag-berufsorientierung","tag-oberstufe","entry"],"_links":{"self":[{"href":"https:\/\/www.fsg-ruethen.de\/fsg\/wp-json\/wp\/v2\/posts\/3147","targetHints":{"allow":["GET"]}}],"collection":[{"href":"https:\/\/www.fsg-ruethen.de\/fsg\/wp-json\/wp\/v2\/posts"}],"about":[{"href":"https:\/\/www.fsg-ruethen.de\/fsg\/wp-json\/wp\/v2\/types\/post"}],"author":[{"embeddable":true,"href":"https:\/\/www.fsg-ruethen.de\/fsg\/wp-json\/wp\/v2\/users\/1"}],"replies":[{"embeddable":true,"href":"https:\/\/www.fsg-ruethen.de\/fsg\/wp-json\/wp\/v2\/comments?post=3147"}],"version-history":[{"count":0,"href":"https:\/\/www.fsg-ruethen.de\/fsg\/wp-json\/wp\/v2\/posts\/3147\/revisions"}],"wp:attachment":[{"href":"https:\/\/www.fsg-ruethen.de\/fsg\/wp-json\/wp\/v2\/media?parent=3147"}],"wp:term":[{"taxonomy":"category","embeddable":true,"href":"https:\/\/www.fsg-ruethen.de\/fsg\/wp-json\/wp\/v2\/categories?post=3147"},{"taxonomy":"post_tag","embeddable":true,"href":"https:\/\/www.fsg-ruethen.de\/fsg\/wp-json\/wp\/v2\/tags?post=3147"}],"curies":[{"name":"wp","href":"https:\/\/api.w.org\/{rel}","templated":true}]}}