{"id":2334,"date":"2021-03-11T13:52:28","date_gmt":"2021-03-11T12:52:28","guid":{"rendered":"https:\/\/www.fsg-ruethen.de\/wp\/?p=2334"},"modified":"2023-09-29T10:24:36","modified_gmt":"2023-09-29T08:24:36","slug":"mittelstufe-am-fsg","status":"publish","type":"post","link":"https:\/\/www.fsg-ruethen.de\/fsg\/mittelstufe-am-fsg\/","title":{"rendered":"Mittelstufe am FSG"},"content":{"rendered":"\t\t<div data-elementor-type=\"wp-post\" data-elementor-id=\"2334\" class=\"elementor elementor-2334\">\n\t\t\t\t\t\t<section class=\"elementor-section elementor-top-section elementor-element elementor-element-2afdbc58 elementor-section-boxed elementor-section-height-default elementor-section-height-default\" data-id=\"2afdbc58\" data-element_type=\"section\" data-e-type=\"section\">\n\t\t\t\t\t\t<div class=\"elementor-container elementor-column-gap-default\">\n\t\t\t\t\t<div class=\"elementor-column elementor-col-100 elementor-top-column elementor-element elementor-element-548c862a\" data-id=\"548c862a\" data-element_type=\"column\" data-e-type=\"column\">\n\t\t\t<div class=\"elementor-widget-wrap elementor-element-populated\">\n\t\t\t\t\t\t<div class=\"elementor-element elementor-element-2a15683 elementor-widget elementor-widget-heading\" data-id=\"2a15683\" data-element_type=\"widget\" data-e-type=\"widget\" data-widget_type=\"heading.default\">\n\t\t\t\t<div class=\"elementor-widget-container\">\n\t\t\t\t\t<h1 class=\"elementor-heading-title elementor-size-default\">Mehr als nur ein \u00dcbergang<\/h1>\t\t\t\t<\/div>\n\t\t\t\t<\/div>\n\t\t\t\t\t<\/div>\n\t\t<\/div>\n\t\t\t\t\t<\/div>\n\t\t<\/section>\n\t\t\t\t<section class=\"elementor-section elementor-top-section elementor-element elementor-element-7187169 elementor-section-boxed elementor-section-height-default elementor-section-height-default\" data-id=\"7187169\" data-element_type=\"section\" data-e-type=\"section\">\n\t\t\t\t\t\t<div class=\"elementor-container elementor-column-gap-default\">\n\t\t\t\t\t<div class=\"elementor-column elementor-col-100 elementor-top-column elementor-element elementor-element-810e031\" data-id=\"810e031\" data-element_type=\"column\" data-e-type=\"column\">\n\t\t\t<div class=\"elementor-widget-wrap elementor-element-populated\">\n\t\t\t\t\t\t<div class=\"elementor-element elementor-element-17e82dc elementor-widget elementor-widget-text-editor\" data-id=\"17e82dc\" data-element_type=\"widget\" data-e-type=\"widget\" data-widget_type=\"text-editor.default\">\n\t\t\t\t<div class=\"elementor-widget-container\">\n\t\t\t\t\t\t\t\t\t<div>Die Mittelstufe umfasst die Jahrgangsstufen 7 bis 10 und stellt den \u00dcbergang von der Erprobungsstufe zur Oberstufe dar: Die Sch\u00fclerinnen und Sch\u00fcler, denen mit dem \u00dcbergang in die 7. Klasse ihre \u00abgymnasiale Eignung\u00bb attestiert wird, erwerben in den Jahren der Mittelstufe Fachwissen und Kompetenzen, die sie zum erfolgreichen Abschluss des Gymnasiums mit dem Erreichen des Abiturs bef\u00e4higen.<\/div>\n<div><span style=\"font-size: 18px; color: var( --e-global-color-primary ); letter-spacing: 0.2px;\">Mittelstufensch\u00fclerinnen und -sch\u00fcler sind gleichzeitig aber auch mit vielf\u00e4ltigen pers\u00f6nlichen Ver\u00e4nderungen konfrontiert. Die Pubert\u00e4t hat nicht nur \u2013 teilweise konflikttr\u00e4chtige &#8211; Folgen f\u00fcr das Zusammenleben in der Familie, sondern wirkt sich auch auf das Lernen und das Verhalten in der Schule aus: Die Jugendlichen werden h\u00e4ufig als herausfordernd empfunden und scheinen oft weniger empathie- und lernf\u00e4hig zu sein.<\/span><\/div>\t\t\t\t\t\t\t\t<\/div>\n\t\t\t\t<\/div>\n\t\t\t\t\t<\/div>\n\t\t<\/div>\n\t\t\t\t\t<\/div>\n\t\t<\/section>\n\t\t\t\t<section class=\"elementor-section elementor-top-section elementor-element elementor-element-46f1a7f elementor-section-boxed elementor-section-height-default elementor-section-height-default\" data-id=\"46f1a7f\" data-element_type=\"section\" data-e-type=\"section\">\n\t\t\t\t\t\t<div class=\"elementor-container elementor-column-gap-default\">\n\t\t\t\t\t<div class=\"elementor-column elementor-col-100 elementor-top-column elementor-element elementor-element-4f4ecc4\" data-id=\"4f4ecc4\" data-element_type=\"column\" data-e-type=\"column\">\n\t\t\t<div class=\"elementor-widget-wrap elementor-element-populated\">\n\t\t\t\t\t\t<div class=\"elementor-element elementor-element-ee05b9c elementor-widget elementor-widget-text-editor\" data-id=\"ee05b9c\" data-element_type=\"widget\" data-e-type=\"widget\" data-widget_type=\"text-editor.default\">\n\t\t\t\t<div class=\"elementor-widget-container\">\n\t\t\t\t\t\t\t\t\t<h2>Unser Ziel ist es, diesen wichtigen entwicklungsphysiologischen und \u2013psychologischen Entwicklungen in unserem p\u00e4dagogischen Handeln gerecht zu werden, indem wir&#8230;<\/h2>\t\t\t\t\t\t\t\t<\/div>\n\t\t\t\t<\/div>\n\t\t\t\t\t<\/div>\n\t\t<\/div>\n\t\t\t\t\t<\/div>\n\t\t<\/section>\n\t\t\t\t<section class=\"elementor-section elementor-top-section elementor-element elementor-element-451a2c2 elementor-section-boxed elementor-section-height-default elementor-section-height-default\" data-id=\"451a2c2\" data-element_type=\"section\" data-e-type=\"section\">\n\t\t\t\t\t\t<div class=\"elementor-container elementor-column-gap-default\">\n\t\t\t\t\t<div class=\"elementor-column elementor-col-100 elementor-top-column elementor-element elementor-element-0bc32b6\" data-id=\"0bc32b6\" data-element_type=\"column\" data-e-type=\"column\">\n\t\t\t<div class=\"elementor-widget-wrap elementor-element-populated\">\n\t\t\t\t\t\t<div class=\"elementor-element elementor-element-f0ed757 elementor-widget elementor-widget-accordion\" data-id=\"f0ed757\" data-element_type=\"widget\" data-e-type=\"widget\" data-widget_type=\"accordion.default\">\n\t\t\t\t<div class=\"elementor-widget-container\">\n\t\t\t\t\t\t\t<div class=\"elementor-accordion\">\n\t\t\t\t\t\t\t<div class=\"elementor-accordion-item\">\n\t\t\t\t\t<div id=\"elementor-tab-title-2521\" class=\"elementor-tab-title\" data-tab=\"1\" role=\"button\" aria-controls=\"elementor-tab-content-2521\" aria-expanded=\"false\">\n\t\t\t\t\t\t\t\t\t\t\t\t\t<span class=\"elementor-accordion-icon elementor-accordion-icon-left\" aria-hidden=\"true\">\n\t\t\t\t\t\t\t\t\t\t\t\t\t\t\t<span class=\"elementor-accordion-icon-closed\"><i class=\"fas fa-angle-down\"><\/i><\/span>\n\t\t\t\t\t\t\t\t<span class=\"elementor-accordion-icon-opened\"><i class=\"fas fa-angle-double-up\"><\/i><\/span>\n\t\t\t\t\t\t\t\t\t\t\t\t\t\t<\/span>\n\t\t\t\t\t\t\t\t\t\t\t\t<a class=\"elementor-accordion-title\" tabindex=\"0\">klare Strukturen bieten<\/a>\n\t\t\t\t\t<\/div>\n\t\t\t\t\t<div id=\"elementor-tab-content-2521\" class=\"elementor-tab-content elementor-clearfix\" data-tab=\"1\" role=\"region\" aria-labelledby=\"elementor-tab-title-2521\"><ul>\n<li>Fortsetzung der Klassenverb\u00e4nde aus 5 und 6<\/li>\n<li>Klassenlehrerteams<\/li>\n<li>konsequenter Umgang mit Regeln und deren Einhaltung<\/li>\n<li>weitgehend paralleles Arbeiten im Unterricht<\/li>\n<\/ul><\/div>\n\t\t\t\t<\/div>\n\t\t\t\t\t\t\t<div class=\"elementor-accordion-item\">\n\t\t\t\t\t<div id=\"elementor-tab-title-2522\" class=\"elementor-tab-title\" data-tab=\"2\" role=\"button\" aria-controls=\"elementor-tab-content-2522\" aria-expanded=\"false\">\n\t\t\t\t\t\t\t\t\t\t\t\t\t<span class=\"elementor-accordion-icon elementor-accordion-icon-left\" aria-hidden=\"true\">\n\t\t\t\t\t\t\t\t\t\t\t\t\t\t\t<span class=\"elementor-accordion-icon-closed\"><i class=\"fas fa-angle-down\"><\/i><\/span>\n\t\t\t\t\t\t\t\t<span class=\"elementor-accordion-icon-opened\"><i class=\"fas fa-angle-double-up\"><\/i><\/span>\n\t\t\t\t\t\t\t\t\t\t\t\t\t\t<\/span>\n\t\t\t\t\t\t\t\t\t\t\t\t<a class=\"elementor-accordion-title\" tabindex=\"0\">mit p\u00e4dagogischem Verst\u00e4ndnis f\u00fcr den Einzelnen handeln<\/a>\n\t\t\t\t\t<\/div>\n\t\t\t\t\t<div id=\"elementor-tab-content-2522\" class=\"elementor-tab-content elementor-clearfix\" data-tab=\"2\" role=\"region\" aria-labelledby=\"elementor-tab-title-2522\"><ul>\n<li>regelm\u00e4\u00dfige \u00abp\u00e4dagogische Konferenzen\u00bb der Lehrerteams jeder Klasse<\/li>\n<li>Hilfe und Beratung bei pers\u00f6nlichen Problemen durch das Beratungsteam<\/li>\n<li>Schullaufbahnberatung durch die Klassenlehrer*innen und das Mittelstufenteam<\/li>\n<\/ul><\/div>\n\t\t\t\t<\/div>\n\t\t\t\t\t\t\t<div class=\"elementor-accordion-item\">\n\t\t\t\t\t<div id=\"elementor-tab-title-2523\" class=\"elementor-tab-title\" data-tab=\"3\" role=\"button\" aria-controls=\"elementor-tab-content-2523\" aria-expanded=\"false\">\n\t\t\t\t\t\t\t\t\t\t\t\t\t<span class=\"elementor-accordion-icon elementor-accordion-icon-left\" aria-hidden=\"true\">\n\t\t\t\t\t\t\t\t\t\t\t\t\t\t\t<span class=\"elementor-accordion-icon-closed\"><i class=\"fas fa-angle-down\"><\/i><\/span>\n\t\t\t\t\t\t\t\t<span class=\"elementor-accordion-icon-opened\"><i class=\"fas fa-angle-double-up\"><\/i><\/span>\n\t\t\t\t\t\t\t\t\t\t\t\t\t\t<\/span>\n\t\t\t\t\t\t\t\t\t\t\t\t<a class=\"elementor-accordion-title\" tabindex=\"0\">soziale Kompetenzen f\u00f6rdern<\/a>\n\t\t\t\t\t<\/div>\n\t\t\t\t\t<div id=\"elementor-tab-content-2523\" class=\"elementor-tab-content elementor-clearfix\" data-tab=\"3\" role=\"region\" aria-labelledby=\"elementor-tab-title-2523\"><ul>\n<li>\u00dcbernahme von Verantwortung in der Schulgemeinschaft\n<ul>\n<li>Sch\u00fclervertretung<\/li>\n<li>Runder Tisch<\/li>\n<li>Multiplikator*innen (Mediencoaching und Drogenpr\u00e4vention)<\/li>\n<li>Schulsanit\u00e4tsdienst<\/li>\n<li>Betreuung der Sch\u00fclerbibliothek Eselsohr<\/li>\n<li>Sporthelfer*innen<\/li>\n<li>Sch\u00fcler*innen helfen Sch\u00fcler<span style=\"font-family: Roboto, sans-serif; font-size: 18px; font-style: normal; font-variant-ligatures: normal; font-variant-caps: normal; font-weight: 300; letter-spacing: 0.2px;\">*innen<\/span><\/li>\n<\/ul>\n<\/li>\n<li>Sozialkompetenz-Training in Jahrgangsstufe 7<\/li>\n<li>geschlechterspezifische F\u00f6rderung\n<ul>\n<li>\u201eRolex-Tage\u201c in Jahrgangsstufe 9: Jungenwelten \/ M\u00e4dchenwelten<\/li>\n<li>Girls\u2019 \/ Boys\u2019 Days<\/li>\n<\/ul>\n<\/li>\n<\/ul><\/div>\n\t\t\t\t<\/div>\n\t\t\t\t\t\t\t<div class=\"elementor-accordion-item\">\n\t\t\t\t\t<div id=\"elementor-tab-title-2524\" class=\"elementor-tab-title\" data-tab=\"4\" role=\"button\" aria-controls=\"elementor-tab-content-2524\" aria-expanded=\"false\">\n\t\t\t\t\t\t\t\t\t\t\t\t\t<span class=\"elementor-accordion-icon elementor-accordion-icon-left\" aria-hidden=\"true\">\n\t\t\t\t\t\t\t\t\t\t\t\t\t\t\t<span class=\"elementor-accordion-icon-closed\"><i class=\"fas fa-angle-down\"><\/i><\/span>\n\t\t\t\t\t\t\t\t<span class=\"elementor-accordion-icon-opened\"><i class=\"fas fa-angle-double-up\"><\/i><\/span>\n\t\t\t\t\t\t\t\t\t\t\t\t\t\t<\/span>\n\t\t\t\t\t\t\t\t\t\t\t\t<a class=\"elementor-accordion-title\" tabindex=\"0\">vielf\u00e4ltige interessengeleitete Erfahrungen erm\u00f6glichen<\/a>\n\t\t\t\t\t<\/div>\n\t\t\t\t\t<div id=\"elementor-tab-content-2524\" class=\"elementor-tab-content elementor-clearfix\" data-tab=\"4\" role=\"region\" aria-labelledby=\"elementor-tab-title-2524\"><ul>\n<li>Wahlpflichtbereich I ab Jahrgang 7\n<ul>\n<li>2. Fremdsprache Franz\u00f6sisch oder Latein<\/li>\n<\/ul>\n<\/li>\n<li>Wahlpflichtbereich II ab Jahrgang 9 Kursangebote\n<ul>\n<li>Spanisch<\/li>\n<li>Franz\u00f6sisch<\/li>\n<li>Sport und Gesellschaft<\/li>\n<li>Naturwissenschaften<\/li>\n<li>Technik und Informatik<\/li>\n<li>Darstellen und Gestalten<\/li>\n<\/ul>\n<\/li>\n<li style=\"font-size: 18px;\">Projekttage<br><ul style=\"font-size: 18px;\">\n<li style=\"font-size: 18px;\">&nbsp;eigenst\u00e4ndiges Forschen zu selbstgew\u00e4hlten Themen z.B. Nachhaltigkeit, Rassismus, Agenda 2030<\/li>\n<\/ul>\n<\/li>\n<\/ul>\n<ul>\n<li>Arbeitsgemeinschaften\n<ul>\n<li>Chor<\/li>\n<li>Orchester<\/li>\n<li>Sport<\/li>\n<li>Technik&#8230;<\/li>\n<\/ul>\n<\/li>\n<li>Fahrten und Exkursionen\n<ul>\n<li>Englandfahrt<\/li>\n<li>Sch\u00fcleraustausch mit Frankreich<\/li>\n<li>Ski-Exkursion<\/li>\n<li>Berlinfahrt<\/li>\n<\/ul>\n<\/li>\n<li>Berufsorientierung\n<ul>\n<li>Potentialanalyse<\/li>\n<li>Berufsfelderkundungstage<\/li>\n<\/ul>\n<\/li>\n<\/ul><\/div>\n\t\t\t\t<\/div>\n\t\t\t\t\t\t\t<div class=\"elementor-accordion-item\">\n\t\t\t\t\t<div id=\"elementor-tab-title-2525\" class=\"elementor-tab-title\" data-tab=\"5\" role=\"button\" aria-controls=\"elementor-tab-content-2525\" aria-expanded=\"false\">\n\t\t\t\t\t\t\t\t\t\t\t\t\t<span class=\"elementor-accordion-icon elementor-accordion-icon-left\" aria-hidden=\"true\">\n\t\t\t\t\t\t\t\t\t\t\t\t\t\t\t<span class=\"elementor-accordion-icon-closed\"><i class=\"fas fa-angle-down\"><\/i><\/span>\n\t\t\t\t\t\t\t\t<span class=\"elementor-accordion-icon-opened\"><i class=\"fas fa-angle-double-up\"><\/i><\/span>\n\t\t\t\t\t\t\t\t\t\t\t\t\t\t<\/span>\n\t\t\t\t\t\t\t\t\t\t\t\t<a class=\"elementor-accordion-title\" tabindex=\"0\">individuell f\u00f6rdern und fordern<\/a>\n\t\t\t\t\t<\/div>\n\t\t\t\t\t<div id=\"elementor-tab-content-2525\" class=\"elementor-tab-content elementor-clearfix\" data-tab=\"5\" role=\"region\" aria-labelledby=\"elementor-tab-title-2525\"><h5>f\u00f6rdern:<\/h5>\n<ul>\n<li>Lernzeiten in den F\u00e4chern Mathematik, Englisch, Deutsch, Franz\u00f6sisch, Latein<\/li>\n<li>Sch\u00fcler<span style=\"font-family: Roboto, sans-serif; font-size: 18px; font-style: normal; font-variant-ligatures: normal; font-variant-caps: normal; font-weight: 300; letter-spacing: 0.2px;\">*innen<\/span>\u00a0helfen Sch\u00fcler*innen<\/li>\n<\/ul>\n<h5>fordern:<\/h5>\n<ul>\n<li>Projekttage, individuelle Projekte\u00a0<\/li>\n<li>Teilnahme an Sch\u00fclerwettbewerben<\/li>\n<li>\u00abDreht\u00fcrmodelle\u00bb<\/li>\n<li>individuelle Austausche<\/li>\n<\/ul><\/div>\n\t\t\t\t<\/div>\n\t\t\t\t\t\t\t<div class=\"elementor-accordion-item\">\n\t\t\t\t\t<div id=\"elementor-tab-title-2526\" class=\"elementor-tab-title\" data-tab=\"6\" role=\"button\" aria-controls=\"elementor-tab-content-2526\" aria-expanded=\"false\">\n\t\t\t\t\t\t\t\t\t\t\t\t\t<span class=\"elementor-accordion-icon elementor-accordion-icon-left\" aria-hidden=\"true\">\n\t\t\t\t\t\t\t\t\t\t\t\t\t\t\t<span class=\"elementor-accordion-icon-closed\"><i class=\"fas fa-angle-down\"><\/i><\/span>\n\t\t\t\t\t\t\t\t<span class=\"elementor-accordion-icon-opened\"><i class=\"fas fa-angle-double-up\"><\/i><\/span>\n\t\t\t\t\t\t\t\t\t\t\t\t\t\t<\/span>\n\t\t\t\t\t\t\t\t\t\t\t\t<a class=\"elementor-accordion-title\" tabindex=\"0\">eine offene Kommunikation pflegen<\/a>\n\t\t\t\t\t<\/div>\n\t\t\t\t\t<div id=\"elementor-tab-content-2526\" class=\"elementor-tab-content elementor-clearfix\" data-tab=\"6\" role=\"region\" aria-labelledby=\"elementor-tab-title-2526\"><ul>\n<li><img decoding=\"async\" class=\"size-full wp-image-2353 alignright\" src=\"https:\/\/www.fsg-ruethen.de\/wp\/wp-content\/uploads\/2021\/03\/lehrer-eltern-schueler.jpg\" alt=\"\" width=\"150\" height=\"154\" \/>regelm\u00e4\u00dfiger Austausch zwischen Elternhaus und Schule<\/li>\n<li>Ansprechbarkeit der Lehrerinnen und Lehrer f\u00fcr Sch\u00fclerinnen und Sch\u00fcler und Eltern (Sprechstunden, Elternsprechtage, Terminvereinbarungen, Elternstammtisch etc.)<\/li>\n<\/ul><\/div>\n\t\t\t\t<\/div>\n\t\t\t\t\t\t\t\t<\/div>\n\t\t\t\t\t\t<\/div>\n\t\t\t\t<\/div>\n\t\t\t\t\t<\/div>\n\t\t<\/div>\n\t\t\t\t\t<\/div>\n\t\t<\/section>\n\t\t\t\t<section class=\"elementor-section elementor-top-section elementor-element elementor-element-0b98a63 elementor-section-boxed elementor-section-height-default elementor-section-height-default\" data-id=\"0b98a63\" data-element_type=\"section\" data-e-type=\"section\">\n\t\t\t\t\t\t<div class=\"elementor-container elementor-column-gap-default\">\n\t\t\t\t\t<div class=\"elementor-column elementor-col-100 elementor-top-column elementor-element elementor-element-8f47970\" data-id=\"8f47970\" data-element_type=\"column\" data-e-type=\"column\">\n\t\t\t<div class=\"elementor-widget-wrap elementor-element-populated\">\n\t\t\t\t\t\t<div class=\"elementor-element elementor-element-0621cde elementor-widget elementor-widget-heading\" data-id=\"0621cde\" data-element_type=\"widget\" data-e-type=\"widget\" data-widget_type=\"heading.default\">\n\t\t\t\t<div class=\"elementor-widget-container\">\n\t\t\t\t\t<h2 class=\"elementor-heading-title elementor-size-default\">Differenzierung in den Klassen 9 und 10<\/h2>\t\t\t\t<\/div>\n\t\t\t\t<\/div>\n\t\t\t\t\t<\/div>\n\t\t<\/div>\n\t\t\t\t\t<\/div>\n\t\t<\/section>\n\t\t\t\t<section class=\"elementor-section elementor-top-section elementor-element elementor-element-58320f0 elementor-section-boxed elementor-section-height-default elementor-section-height-default\" data-id=\"58320f0\" data-element_type=\"section\" data-e-type=\"section\">\n\t\t\t\t\t\t<div class=\"elementor-container elementor-column-gap-default\">\n\t\t\t\t\t<div class=\"elementor-column elementor-col-100 elementor-top-column elementor-element elementor-element-b291e2f\" data-id=\"b291e2f\" data-element_type=\"column\" data-e-type=\"column\">\n\t\t\t<div class=\"elementor-widget-wrap elementor-element-populated\">\n\t\t\t\t\t\t<div class=\"elementor-element elementor-element-723468e elementor-widget elementor-widget-text-editor\" data-id=\"723468e\" data-element_type=\"widget\" data-e-type=\"widget\" data-widget_type=\"text-editor.default\">\n\t\t\t\t<div class=\"elementor-widget-container\">\n\t\t\t\t\t\t\t\t\t<p>In den Klassen 9 und 10 haben die Sch\u00fclerinnen und Sch\u00fcler die M\u00f6glichkeit, Schwerpunkte zu setzen, indem sie nach ihren Neigungen und Interessen Kurse aus unterschiedlichen F\u00e4chergruppen w\u00e4hlen.<\/p>\n<p><a href=\"https:\/\/www.fsg-ruethen.de\/fsg\/wahlpflichtbereich-ii\/\">Angebote am FSG im Wahlpflichtbereich II der Klassen 9 und 10<\/a><\/p>\t\t\t\t\t\t\t\t<\/div>\n\t\t\t\t<\/div>\n\t\t\t\t\t<\/div>\n\t\t<\/div>\n\t\t\t\t\t<\/div>\n\t\t<\/section>\n\t\t\t\t<\/div>\n\t\t","protected":false},"excerpt":{"rendered":"<p>Mehr als nur ein \u00dcbergang Die Mittelstufe umfasst die Jahrgangsstufen 7 bis 10 und stellt den \u00dcbergang von der Erprobungsstufe zur Oberstufe dar: Die Sch\u00fclerinnen und Sch\u00fcler, denen mit dem [&hellip;]<\/p>\n","protected":false},"author":1,"featured_media":2088,"comment_status":"closed","ping_status":"closed","sticky":false,"template":"","format":"standard","meta":{"ocean_post_layout":"","ocean_both_sidebars_style":"","ocean_both_sidebars_content_width":0,"ocean_both_sidebars_sidebars_width":0,"ocean_sidebar":"ocs-lernen-und-foerdern","ocean_second_sidebar":"0","ocean_disable_margins":"enable","ocean_add_body_class":"","ocean_shortcode_before_top_bar":"","ocean_shortcode_after_top_bar":"","ocean_shortcode_before_header":"","ocean_shortcode_after_header":"","ocean_has_shortcode":"","ocean_shortcode_after_title":"","ocean_shortcode_before_footer_widgets":"","ocean_shortcode_after_footer_widgets":"","ocean_shortcode_before_footer_bottom":"","ocean_shortcode_after_footer_bottom":"","ocean_display_top_bar":"default","ocean_display_header":"default","ocean_header_style":"","ocean_center_header_left_menu":"0","ocean_custom_header_template":"0","ocean_custom_logo":0,"ocean_custom_retina_logo":0,"ocean_custom_logo_max_width":0,"ocean_custom_logo_tablet_max_width":0,"ocean_custom_logo_mobile_max_width":0,"ocean_custom_logo_max_height":0,"ocean_custom_logo_tablet_max_height":0,"ocean_custom_logo_mobile_max_height":0,"ocean_header_custom_menu":"0","ocean_menu_typo_font_family":"0","ocean_menu_typo_font_subset":"","ocean_menu_typo_font_size":0,"ocean_menu_typo_font_size_tablet":0,"ocean_menu_typo_font_size_mobile":0,"ocean_menu_typo_font_size_unit":"px","ocean_menu_typo_font_weight":"","ocean_menu_typo_font_weight_tablet":"","ocean_menu_typo_font_weight_mobile":"","ocean_menu_typo_transform":"","ocean_menu_typo_transform_tablet":"","ocean_menu_typo_transform_mobile":"","ocean_menu_typo_line_height":0,"ocean_menu_typo_line_height_tablet":0,"ocean_menu_typo_line_height_mobile":0,"ocean_menu_typo_line_height_unit":"","ocean_menu_typo_spacing":0,"ocean_menu_typo_spacing_tablet":0,"ocean_menu_typo_spacing_mobile":0,"ocean_menu_typo_spacing_unit":"","ocean_menu_link_color":"","ocean_menu_link_color_hover":"","ocean_menu_link_color_active":"","ocean_menu_link_background":"","ocean_menu_link_hover_background":"","ocean_menu_link_active_background":"","ocean_menu_social_links_bg":"","ocean_menu_social_hover_links_bg":"","ocean_menu_social_links_color":"","ocean_menu_social_hover_links_color":"","ocean_disable_title":"default","ocean_disable_heading":"default","ocean_post_title":"","ocean_post_subheading":"","ocean_post_title_style":"background-image","ocean_post_title_background_color":"","ocean_post_title_background":4963,"ocean_post_title_bg_image_position":"","ocean_post_title_bg_image_attachment":"","ocean_post_title_bg_image_repeat":"","ocean_post_title_bg_image_size":"","ocean_post_title_height":500,"ocean_post_title_bg_overlay":0.5,"ocean_post_title_bg_overlay_color":"","ocean_disable_breadcrumbs":"default","ocean_breadcrumbs_color":"","ocean_breadcrumbs_separator_color":"","ocean_breadcrumbs_links_color":"","ocean_breadcrumbs_links_hover_color":"","ocean_display_footer_widgets":"default","ocean_display_footer_bottom":"default","ocean_custom_footer_template":"0","omw_enable_modal_window":"enable","ocean_post_oembed":"","ocean_post_self_hosted_media":"","ocean_post_video_embed":"","ocean_link_format":"","ocean_link_format_target":"self","ocean_quote_format":"","ocean_quote_format_link":"post","ocean_gallery_link_images":"off","ocean_gallery_id":[],"footnotes":""},"categories":[29,21,25,81],"tags":[37,52,54,82],"class_list":["post-2334","post","type-post","status-publish","format-standard","has-post-thumbnail","hentry","category-arbeitsgemeinschaften","category-lernenbausteine","category-unterrichtsorganisation","category-soziales-lernen","tag-foerdern","tag-lernorganisation","tag-mittelstufe","tag-soziales-lernen","entry","has-media"],"_links":{"self":[{"href":"https:\/\/www.fsg-ruethen.de\/fsg\/wp-json\/wp\/v2\/posts\/2334","targetHints":{"allow":["GET"]}}],"collection":[{"href":"https:\/\/www.fsg-ruethen.de\/fsg\/wp-json\/wp\/v2\/posts"}],"about":[{"href":"https:\/\/www.fsg-ruethen.de\/fsg\/wp-json\/wp\/v2\/types\/post"}],"author":[{"embeddable":true,"href":"https:\/\/www.fsg-ruethen.de\/fsg\/wp-json\/wp\/v2\/users\/1"}],"replies":[{"embeddable":true,"href":"https:\/\/www.fsg-ruethen.de\/fsg\/wp-json\/wp\/v2\/comments?post=2334"}],"version-history":[{"count":0,"href":"https:\/\/www.fsg-ruethen.de\/fsg\/wp-json\/wp\/v2\/posts\/2334\/revisions"}],"wp:featuredmedia":[{"embeddable":true,"href":"https:\/\/www.fsg-ruethen.de\/fsg\/wp-json\/wp\/v2\/media\/2088"}],"wp:attachment":[{"href":"https:\/\/www.fsg-ruethen.de\/fsg\/wp-json\/wp\/v2\/media?parent=2334"}],"wp:term":[{"taxonomy":"category","embeddable":true,"href":"https:\/\/www.fsg-ruethen.de\/fsg\/wp-json\/wp\/v2\/categories?post=2334"},{"taxonomy":"post_tag","embeddable":true,"href":"https:\/\/www.fsg-ruethen.de\/fsg\/wp-json\/wp\/v2\/tags?post=2334"}],"curies":[{"name":"wp","href":"https:\/\/api.w.org\/{rel}","templated":true}]}}