{"id":2152,"date":"2021-03-09T13:53:05","date_gmt":"2021-03-09T12:53:05","guid":{"rendered":"https:\/\/www.fsg-ruethen.de\/wp\/?p=2152"},"modified":"2021-06-06T15:32:45","modified_gmt":"2021-06-06T13:32:45","slug":"ein-tag-in-belgien","status":"publish","type":"post","link":"https:\/\/www.fsg-ruethen.de\/fsg\/ein-tag-in-belgien\/","title":{"rendered":"Ein Tag in Belgien"},"content":{"rendered":"\n<h2 class=\"wp-block-heading\"><strong>L\u00fcttich- und Br\u00fcsselfahrt<\/strong><\/h2>\n\n\n\n<p>Alle zwei Jahre bieten wir den Franz\u00f6sischsch\u00fclerinnen und -sch\u00fclern der Jahrgangsstufen 9-EF die M\u00f6glichkeit, einen Tag bei unseren belgischen Nachbarn zu verbringen, um ihre Fremdsprachenkenntnisse vor Ort anzuwenden und Land und Leute eines frankofonen Landes einmal pers\u00f6nlich kennenzulernen. L\u00fcttich (frz. <em>Li\u00e8ge<\/em>) ist eine der n\u00e4chstgelegenen franz\u00f6sischsprachigen St\u00e4dte und lockt mit seinem besonderen Charme und sehr gastfreundlichen Bewohnern.<\/p>\n\n\n\n<p>Im Rahmen einer Stadtrallye erkunden die Teilnehmenden die Sehensw\u00fcrdigkeiten der Stadt und kommen mit Passanten ins Gespr\u00e4ch, indem sie sich z.B. in der <em>boulangerie<\/em> nach dem Preis eines Croissants erkundigen oder nach dem Weg zur <em>cath\u00e9drale<\/em> fragen. Wer im Anschluss noch gen\u00fcgend Energie hat, kann die \u201eMontagne de Bueren\u201c besteigen und die Aussicht \u00fcber die Stadt genie\u00dfen, \u2013&nbsp; oder aber die FNAC besuchen und in franz\u00f6sischen Romanen und Comics st\u00f6bern.<\/p>\n\n\n\n<h4 class=\"wp-block-heading\">Nachfolgend ein paar Eindr\u00fccke von der letzten L\u00fcttichfahrt im M\u00e4rz 2019\u2026<\/h4>\n\n\n\n<figure class=\"wp-block-gallery columns-3 is-cropped wp-block-gallery-1 is-layout-flex wp-block-gallery-is-layout-flex\"><ul class=\"blocks-gallery-grid\"><li class=\"blocks-gallery-item\"><figure><a href=\"https:\/\/www.fsg-ruethen.de\/fsg\/wp-content\/uploads\/2021\/03\/luettich05.jpg\"><img fetchpriority=\"high\" decoding=\"async\" width=\"1024\" height=\"768\" src=\"https:\/\/www.fsg-ruethen.de\/fsg\/wp-content\/uploads\/2021\/03\/luettich05-1024x768.jpg\" alt=\"\" data-id=\"2074\" data-full-url=\"https:\/\/www.fsg-ruethen.de\/fsg\/wp-content\/uploads\/2021\/03\/luettich05.jpg\" data-link=\"https:\/\/www.fsg-ruethen.de\/fsg\/luettich05\/\" class=\"wp-image-2074\" srcset=\"https:\/\/www.fsg-ruethen.de\/fsg\/wp-content\/uploads\/2021\/03\/luettich05-1024x768.jpg 1024w, https:\/\/www.fsg-ruethen.de\/fsg\/wp-content\/uploads\/2021\/03\/luettich05-300x225.jpg 300w, https:\/\/www.fsg-ruethen.de\/fsg\/wp-content\/uploads\/2021\/03\/luettich05-768x576.jpg 768w, https:\/\/www.fsg-ruethen.de\/fsg\/wp-content\/uploads\/2021\/03\/luettich05.jpg 1200w\" sizes=\"(max-width: 1024px) 100vw, 1024px\" \/><\/a><\/figure><\/li><li class=\"blocks-gallery-item\"><figure><a href=\"https:\/\/www.fsg-ruethen.de\/fsg\/wp-content\/uploads\/2021\/03\/luettich03.jpg\"><img decoding=\"async\" width=\"1024\" height=\"768\" src=\"https:\/\/www.fsg-ruethen.de\/fsg\/wp-content\/uploads\/2021\/03\/luettich03-1024x768.jpg\" alt=\"\" data-id=\"2072\" data-full-url=\"https:\/\/www.fsg-ruethen.de\/fsg\/wp-content\/uploads\/2021\/03\/luettich03.jpg\" data-link=\"https:\/\/www.fsg-ruethen.de\/fsg\/luettich03\/\" class=\"wp-image-2072\" srcset=\"https:\/\/www.fsg-ruethen.de\/fsg\/wp-content\/uploads\/2021\/03\/luettich03-1024x768.jpg 1024w, https:\/\/www.fsg-ruethen.de\/fsg\/wp-content\/uploads\/2021\/03\/luettich03-300x225.jpg 300w, https:\/\/www.fsg-ruethen.de\/fsg\/wp-content\/uploads\/2021\/03\/luettich03-768x576.jpg 768w, https:\/\/www.fsg-ruethen.de\/fsg\/wp-content\/uploads\/2021\/03\/luettich03.jpg 1200w\" sizes=\"(max-width: 1024px) 100vw, 1024px\" \/><\/a><\/figure><\/li><li class=\"blocks-gallery-item\"><figure><a href=\"https:\/\/www.fsg-ruethen.de\/fsg\/wp-content\/uploads\/2021\/03\/luettich02.jpg\"><img decoding=\"async\" width=\"1024\" height=\"768\" src=\"https:\/\/www.fsg-ruethen.de\/fsg\/wp-content\/uploads\/2021\/03\/luettich02-1024x768.jpg\" alt=\"\" data-id=\"2071\" data-full-url=\"https:\/\/www.fsg-ruethen.de\/fsg\/wp-content\/uploads\/2021\/03\/luettich02.jpg\" data-link=\"https:\/\/www.fsg-ruethen.de\/fsg\/luettich02\/\" class=\"wp-image-2071\" srcset=\"https:\/\/www.fsg-ruethen.de\/fsg\/wp-content\/uploads\/2021\/03\/luettich02-1024x768.jpg 1024w, https:\/\/www.fsg-ruethen.de\/fsg\/wp-content\/uploads\/2021\/03\/luettich02-300x225.jpg 300w, https:\/\/www.fsg-ruethen.de\/fsg\/wp-content\/uploads\/2021\/03\/luettich02-768x576.jpg 768w, https:\/\/www.fsg-ruethen.de\/fsg\/wp-content\/uploads\/2021\/03\/luettich02.jpg 1200w\" sizes=\"(max-width: 1024px) 100vw, 1024px\" \/><\/a><\/figure><\/li><li class=\"blocks-gallery-item\"><figure><a href=\"https:\/\/www.fsg-ruethen.de\/fsg\/wp-content\/uploads\/2021\/03\/luettich01.jpg\"><img loading=\"lazy\" decoding=\"async\" width=\"768\" height=\"1024\" src=\"https:\/\/www.fsg-ruethen.de\/fsg\/wp-content\/uploads\/2021\/03\/luettich01-768x1024.jpg\" alt=\"\" data-id=\"2070\" data-full-url=\"https:\/\/www.fsg-ruethen.de\/fsg\/wp-content\/uploads\/2021\/03\/luettich01.jpg\" data-link=\"https:\/\/www.fsg-ruethen.de\/fsg\/luettich01\/\" class=\"wp-image-2070\" srcset=\"https:\/\/www.fsg-ruethen.de\/fsg\/wp-content\/uploads\/2021\/03\/luettich01-768x1024.jpg 768w, https:\/\/www.fsg-ruethen.de\/fsg\/wp-content\/uploads\/2021\/03\/luettich01-225x300.jpg 225w, https:\/\/www.fsg-ruethen.de\/fsg\/wp-content\/uploads\/2021\/03\/luettich01-1152x1536.jpg 1152w, https:\/\/www.fsg-ruethen.de\/fsg\/wp-content\/uploads\/2021\/03\/luettich01.jpg 1200w\" sizes=\"(max-width: 768px) 100vw, 768px\" \/><\/a><\/figure><\/li><\/ul><\/figure>\n\n\n\n<p>Im Laufe der Qualifikationsphase geht es dann f\u00fcr drei Tage in die belgische Hauptstadt Br\u00fcssel (frz. <em>Bruxelles<\/em>). Ganz im Kontext der Abiturthemen \u201eBelgien\u201c und \u201eEuropa\u201c sollen die Sch\u00fclerinnen und Sch\u00fcler direkte Einblicke in die europ\u00e4ische Metropole erlangen, mit Menschen ins Gespr\u00e4ch kommen und auf diese Weise die Grundlagen aus dem Unterricht live und vor Ort vertiefen k\u00f6nnen.<\/p>\n\n\n\n<p>Neben der authentischen Sprachanwendung stehen der Besuch Europ\u00e4ischer Institutionen \u2013 wie z.B. des Europ\u00e4ischen Parlaments \u2013 sowie st\u00e4dtischer Sehensw\u00fcrdigkeiten \u2013 wie des Mannekin Pis, des Atomiums oder des Comicmuseums \u2013 auf dem Programm. Aber auch die Verkostung belgischer Pommes, ein Kinobesuch und Freizeit in der Innenstadt d\u00fcrfen nat\u00fcrlich nicht fehlen, um die Hauptstadt Europas kennenzulernen.<\/p>\n\n\n\n<p>Leider haben uns 2020 erst Sturm \u201eSabine\u201c und dann die Corona-Pandemie daran gehindert, nach Br\u00fcssel zu fahren. Aber das Programm steht und vielleicht seid ihr die Ersten, von denen wir Fotos unserer Br\u00fcsselfahrt hier ver\u00f6ffentlichen k\u00f6nnen.<\/p>\n","protected":false},"excerpt":{"rendered":"<p>L\u00fcttich- und Br\u00fcsselfahrt Alle zwei Jahre bieten wir den Franz\u00f6sischsch\u00fclerinnen und -sch\u00fclern der Jahrgangsstufen 9-EF die M\u00f6glichkeit, einen Tag bei unseren belgischen Nachbarn zu verbringen, um ihre Fremdsprachenkenntnisse vor Ort [&hellip;]<\/p>\n","protected":false},"author":1,"featured_media":2073,"comment_status":"closed","ping_status":"closed","sticky":false,"template":"","format":"standard","meta":{"ocean_post_layout":"","ocean_both_sidebars_style":"","ocean_both_sidebars_content_width":0,"ocean_both_sidebars_sidebars_width":0,"ocean_sidebar":"ocs-lernen-und-foerdern","ocean_second_sidebar":"0","ocean_disable_margins":"enable","ocean_add_body_class":"","ocean_shortcode_before_top_bar":"","ocean_shortcode_after_top_bar":"","ocean_shortcode_before_header":"","ocean_shortcode_after_header":"","ocean_has_shortcode":"","ocean_shortcode_after_title":"","ocean_shortcode_before_footer_widgets":"","ocean_shortcode_after_footer_widgets":"","ocean_shortcode_before_footer_bottom":"","ocean_shortcode_after_footer_bottom":"","ocean_display_top_bar":"default","ocean_display_header":"default","ocean_header_style":"","ocean_center_header_left_menu":"0","ocean_custom_header_template":"0","ocean_custom_logo":0,"ocean_custom_retina_logo":0,"ocean_custom_logo_max_width":0,"ocean_custom_logo_tablet_max_width":0,"ocean_custom_logo_mobile_max_width":0,"ocean_custom_logo_max_height":0,"ocean_custom_logo_tablet_max_height":0,"ocean_custom_logo_mobile_max_height":0,"ocean_header_custom_menu":"0","ocean_menu_typo_font_family":"0","ocean_menu_typo_font_subset":"","ocean_menu_typo_font_size":0,"ocean_menu_typo_font_size_tablet":0,"ocean_menu_typo_font_size_mobile":0,"ocean_menu_typo_font_size_unit":"px","ocean_menu_typo_font_weight":"","ocean_menu_typo_font_weight_tablet":"","ocean_menu_typo_font_weight_mobile":"","ocean_menu_typo_transform":"","ocean_menu_typo_transform_tablet":"","ocean_menu_typo_transform_mobile":"","ocean_menu_typo_line_height":0,"ocean_menu_typo_line_height_tablet":0,"ocean_menu_typo_line_height_mobile":0,"ocean_menu_typo_line_height_unit":"","ocean_menu_typo_spacing":0,"ocean_menu_typo_spacing_tablet":0,"ocean_menu_typo_spacing_mobile":0,"ocean_menu_typo_spacing_unit":"","ocean_menu_link_color":"","ocean_menu_link_color_hover":"","ocean_menu_link_color_active":"","ocean_menu_link_background":"","ocean_menu_link_hover_background":"","ocean_menu_link_active_background":"","ocean_menu_social_links_bg":"","ocean_menu_social_hover_links_bg":"","ocean_menu_social_links_color":"","ocean_menu_social_hover_links_color":"","ocean_disable_title":"default","ocean_disable_heading":"default","ocean_post_title":"","ocean_post_subheading":"","ocean_post_title_style":"background-image","ocean_post_title_background_color":"","ocean_post_title_background":4773,"ocean_post_title_bg_image_position":"","ocean_post_title_bg_image_attachment":"","ocean_post_title_bg_image_repeat":"","ocean_post_title_bg_image_size":"","ocean_post_title_height":200,"ocean_post_title_bg_overlay":0.5,"ocean_post_title_bg_overlay_color":"","ocean_disable_breadcrumbs":"default","ocean_breadcrumbs_color":"","ocean_breadcrumbs_separator_color":"","ocean_breadcrumbs_links_color":"","ocean_breadcrumbs_links_hover_color":"","ocean_display_footer_widgets":"default","ocean_display_footer_bottom":"default","ocean_custom_footer_template":"0","omw_enable_modal_window":"enable","ocean_post_oembed":"","ocean_post_self_hosted_media":"","ocean_post_video_embed":"","ocean_link_format":"","ocean_link_format_target":"self","ocean_quote_format":"","ocean_quote_format_link":"post","ocean_gallery_link_images":"off","ocean_gallery_id":[],"footnotes":""},"categories":[24,59,21,28,76],"tags":[35,33,65,36,75],"class_list":["post-2152","post","type-post","status-publish","format-standard","has-post-thumbnail","hentry","category-fahrten-und-exkursionen","category-franzoesisch","category-lernenbausteine","category-partnerschaften","category-sprachen","tag-fahrten","tag-franzoesisch","tag-oberstufe","tag-partnerschaften","tag-sprachen","entry","has-media"],"_links":{"self":[{"href":"https:\/\/www.fsg-ruethen.de\/fsg\/wp-json\/wp\/v2\/posts\/2152","targetHints":{"allow":["GET"]}}],"collection":[{"href":"https:\/\/www.fsg-ruethen.de\/fsg\/wp-json\/wp\/v2\/posts"}],"about":[{"href":"https:\/\/www.fsg-ruethen.de\/fsg\/wp-json\/wp\/v2\/types\/post"}],"author":[{"embeddable":true,"href":"https:\/\/www.fsg-ruethen.de\/fsg\/wp-json\/wp\/v2\/users\/1"}],"replies":[{"embeddable":true,"href":"https:\/\/www.fsg-ruethen.de\/fsg\/wp-json\/wp\/v2\/comments?post=2152"}],"version-history":[{"count":0,"href":"https:\/\/www.fsg-ruethen.de\/fsg\/wp-json\/wp\/v2\/posts\/2152\/revisions"}],"wp:featuredmedia":[{"embeddable":true,"href":"https:\/\/www.fsg-ruethen.de\/fsg\/wp-json\/wp\/v2\/media\/2073"}],"wp:attachment":[{"href":"https:\/\/www.fsg-ruethen.de\/fsg\/wp-json\/wp\/v2\/media?parent=2152"}],"wp:term":[{"taxonomy":"category","embeddable":true,"href":"https:\/\/www.fsg-ruethen.de\/fsg\/wp-json\/wp\/v2\/categories?post=2152"},{"taxonomy":"post_tag","embeddable":true,"href":"https:\/\/www.fsg-ruethen.de\/fsg\/wp-json\/wp\/v2\/tags?post=2152"}],"curies":[{"name":"wp","href":"https:\/\/api.w.org\/{rel}","templated":true}]}}