{"id":20451,"date":"2026-09-01T18:49:53","date_gmt":"2026-09-01T16:49:53","guid":{"rendered":"https:\/\/www.fsg-ruethen.de\/fsg\/?p=20451"},"modified":"2026-09-01T19:12:19","modified_gmt":"2026-09-01T17:12:19","slug":"1-eltern-und-schuelerbrief-vom-1-09-2026","status":"publish","type":"post","link":"https:\/\/www.fsg-ruethen.de\/fsg\/1-eltern-und-schuelerbrief-vom-1-09-2026\/","title":{"rendered":"1. Eltern- und Sch\u00fclerbrief vom 1.09.2026"},"content":{"rendered":"\n<p class=\"wp-block-paragraph\">Liebe Eltern, liebe Erziehungsberechtigte, liebe Sch\u00fclerinnen und Sch\u00fcler,<\/p>\n\n\n\n<p class=\"wp-block-paragraph\">ich hoffe, Sie hatten sch\u00f6ne und erholsame Sommerferien. F\u00fcr den Start ins neue Schuljahr w\u00fcnsche ich Ihnen und euch alles Gute!<\/p>\n\n\n\n<p class=\"wp-block-paragraph\">Im Schuljahr 2026\/27 wird unsere Schule von 690 Sch\u00fclerinnen und Sch\u00fclern besucht, die von 59&nbsp;Lehrerinnen und Lehrern unterrichtet werden.<\/p>\n\n\n\n<p class=\"wp-block-paragraph\">Zum neuen Schuljahr starten 90 Kinder bei uns in der Jahrgangsstufe 5. Wir begr\u00fc\u00dfen unsere \u201eneuen F\u00fcnfer\u201c ganz herzlich und w\u00fcnschen alles Gute!<\/p>\n\n\n\n<p class=\"wp-block-paragraph\">Dar\u00fcber hinaus begr\u00fc\u00dfen wir unsere Kollegin Julia Ngakani, die nach ihrer Elternzeit zu uns zur\u00fcckkehrt. Neu im Kollegium begr\u00fc\u00dfen wir Mirjam Vanselow (Englisch\/Franz\u00f6sisch), Kristin Wegener (Englisch\/Deutsch), Vanessa Seelige (Erdkunde\/Sport), Alena Vieregge (Mathematik\/Biologie\/Englisch) und Sandra L\u00fccking-Sch\u00f6rner (Physik\/Bilogie). Herzlich willkommen!<\/p>\n\n\n\n<p class=\"wp-block-paragraph\">Die ersten Schulwochen werden von einer Vielzahl an Terminen begleitet, die Sie im Einzelnen dem beigef\u00fcgten Jahresterminplan entnehmen k\u00f6nnen. Weitere und aktuelle Termine werden jeweils in den Eltern- und Sch\u00fclerbriefen, auf der Homepage und im \u201eTeams-Infokanal\u201c angek\u00fcndigt.<\/p>\n\n\n\n<p class=\"wp-block-paragraph\">Den Stunden- und Vertretungsplan k\u00f6nnen Sie online \u00fcber die Homepage, den Infokanal bzw. \u00fcber die App UntisMobile einsehen. Die App kann kostenlos im Play bzw. App Store heruntergeladen werden. Die Zugangsdaten erhalten Ihre Kinder von den Klassenlehrerteams.<\/p>\n\n\n\n<p class=\"wp-block-paragraph\">Weitere Informationen zur schulischen Organisation erhalten Sie in den n\u00e4chsten Tagen.<\/p>\n\n\n\n<p class=\"wp-block-paragraph\">Die folgenden F\u00e4cher werden in den genannten Jahrgangsstufen nur im ersten Schulhalbjahr (epochal) unterrichtet:<\/p>\n\n\n\n<ul class=\"wp-block-list\">\n<li>Stufe 6: &nbsp;&nbsp;&nbsp;&nbsp;&nbsp;&nbsp;&nbsp;&nbsp;&nbsp;&nbsp;&nbsp;&nbsp;&nbsp;&nbsp; Geschichte, Physik, Informatik<\/li>\n\n\n\n<li>Stufe 7:                Erdkunde, Chemie<\/li>\n\n\n\n<li>Stufe 8: &nbsp;&nbsp;&nbsp;&nbsp;&nbsp;&nbsp;&nbsp;&nbsp;&nbsp;&nbsp;&nbsp;&nbsp;&nbsp;&nbsp; Geschichte, Physik<\/li>\n\n\n\n<li>Stufe 9:                Wirtschaft-Politik, Biologie, Physik<\/li>\n\n\n\n<li>Stufe 10:&nbsp;&nbsp;&nbsp;&nbsp;&nbsp;&nbsp;&nbsp;&nbsp;&nbsp;&nbsp;&nbsp;&nbsp; Erdkunde, Wirtschaft-Politik, Chemie, Kunst<\/li>\n<\/ul>\n\n\n\n<p class=\"wp-block-paragraph\">Die Leistungen in den F\u00e4chern sind jedoch auch im zweiten Halbjahr versetzungswirksam. Mitteilungen \u00fcber m\u00f6gliche Defizite (Warnungen) werden im November schriftlich versandt.<\/p>\n\n\n\n<p class=\"wp-block-paragraph\">Der Unterricht beginnt am 02.09.2026 f\u00fcr die Jahrgangsstufen 6 bis 10 um 7.55 Uhr mit einer Klassenleitungsstunde im Klassenraum.<\/p>\n\n\n\n<p class=\"wp-block-paragraph\">Die Jahrgangsstufenversammlungen der Oberstufe werden von den Stufenleitungen organisiert.<\/p>\n\n\n\n<p class=\"wp-block-paragraph\">Ab der zweiten Stunde erfolgt der Unterricht in allen Jahrgangsstufen lt. Plan.&nbsp;<\/p>\n\n\n\n<p class=\"wp-block-paragraph\">Ich w\u00fcnsche unserer Schulgemeinschaft einen guten Verlauf des Schuljahres und verbleibe<\/p>\n\n\n\n<p class=\"wp-block-paragraph\">mit den besten Gr\u00fc\u00dfen<\/p>\n\n\n\n<p class=\"wp-block-paragraph\">Heinfried Lichte<\/p>\n\n\n\n<div style=\"height:54px\" aria-hidden=\"true\" class=\"wp-block-spacer\"><\/div>\n\n\n\n<p class=\"wp-block-paragraph\">F\u00fcr den Terminplan des Schuljahres 2026\/27 klicken Sie bitte hier: <a href=\"https:\/\/www.fsg-ruethen.de\/fsg\/wp-content\/uploads\/2026\/09\/Terminplan_2026_2027.pdf\">Terminplan Schuljahr 2026\/27<\/a><\/p>\n\n\n\n<p class=\"wp-block-paragraph\"><\/p>\n","protected":false},"excerpt":{"rendered":"<p>Liebe Eltern, liebe Erziehungsberechtigte, liebe Sch\u00fclerinnen und Sch\u00fcler, ich hoffe, Sie hatten sch\u00f6ne und erholsame Sommerferien. F\u00fcr den Start ins neue Schuljahr w\u00fcnsche ich Ihnen und euch alles Gute! Im [&hellip;]<\/p>\n","protected":false},"author":5,"featured_media":7003,"comment_status":"closed","ping_status":"closed","sticky":false,"template":"","format":"standard","meta":{"ocean_front_end_style_editor":"no","ocean_post_layout":"","ocean_both_sidebars_style":"","ocean_both_sidebars_content_width":0,"ocean_both_sidebars_sidebars_width":0,"ocean_sidebar":"ocs-fsg-aktuell","ocean_second_sidebar":"","ocean_disable_margins":"enable","ocean_add_body_class":"","ocean_shortcode_before_top_bar":"","ocean_shortcode_after_top_bar":"","ocean_shortcode_before_header":"","ocean_shortcode_after_header":"","ocean_has_shortcode":"","ocean_shortcode_after_title":"","ocean_shortcode_before_footer_widgets":"","ocean_shortcode_after_footer_widgets":"","ocean_shortcode_before_footer_bottom":"","ocean_shortcode_after_footer_bottom":"","ocean_display_top_bar":"default","ocean_display_header":"default","ocean_header_style":"","ocean_center_header_left_menu":"","ocean_custom_header_template":"","ocean_custom_logo":0,"ocean_custom_retina_logo":0,"ocean_custom_logo_max_width":0,"ocean_custom_logo_tablet_max_width":0,"ocean_custom_logo_mobile_max_width":0,"ocean_custom_logo_max_height":0,"ocean_custom_logo_tablet_max_height":0,"ocean_custom_logo_mobile_max_height":0,"ocean_header_custom_menu":"","ocean_menu_typo_font_family":"","ocean_menu_typo_font_subset":"","ocean_menu_typo_font_size":0,"ocean_menu_typo_font_size_tablet":0,"ocean_menu_typo_font_size_mobile":0,"ocean_menu_typo_font_size_unit":"px","ocean_menu_typo_font_weight":"","ocean_menu_typo_font_weight_tablet":"","ocean_menu_typo_font_weight_mobile":"","ocean_menu_typo_transform":"","ocean_menu_typo_transform_tablet":"","ocean_menu_typo_transform_mobile":"","ocean_menu_typo_line_height":0,"ocean_menu_typo_line_height_tablet":0,"ocean_menu_typo_line_height_mobile":0,"ocean_menu_typo_line_height_unit":"","ocean_menu_typo_spacing":0,"ocean_menu_typo_spacing_tablet":0,"ocean_menu_typo_spacing_mobile":0,"ocean_menu_typo_spacing_unit":"","ocean_menu_link_color":"","ocean_menu_link_color_hover":"","ocean_menu_link_color_active":"","ocean_menu_link_background":"","ocean_menu_link_hover_background":"","ocean_menu_link_active_background":"","ocean_menu_social_links_bg":"","ocean_menu_social_hover_links_bg":"","ocean_menu_social_links_color":"","ocean_menu_social_hover_links_color":"","ocean_disable_title":"default","ocean_disable_heading":"default","ocean_post_title":"","ocean_post_subheading":"","ocean_post_title_style":"","ocean_post_title_background_color":"","ocean_post_title_background":0,"ocean_post_title_bg_image_position":"","ocean_post_title_bg_image_attachment":"","ocean_post_title_bg_image_repeat":"","ocean_post_title_bg_image_size":"","ocean_post_title_height":0,"ocean_post_title_bg_overlay":0.5,"ocean_post_title_bg_overlay_color":"","ocean_disable_breadcrumbs":"default","ocean_breadcrumbs_color":"","ocean_breadcrumbs_separator_color":"","ocean_breadcrumbs_links_color":"","ocean_breadcrumbs_links_hover_color":"","ocean_display_footer_widgets":"default","ocean_display_footer_bottom":"default","ocean_custom_footer_template":"","omw_enable_modal_window":"enable","ocean_post_oembed":"","ocean_post_self_hosted_media":"","ocean_post_video_embed":"","ocean_link_format":"","ocean_link_format_target":"self","ocean_quote_format":"","ocean_quote_format_link":"post","ocean_gallery_link_images":"on","ocean_gallery_id":[],"footnotes":""},"categories":[91,2],"tags":[],"class_list":["post-20451","post","type-post","status-publish","format-standard","has-post-thumbnail","hentry","category-elternbriefe","category-fsg-aktuell","entry","has-media"],"_links":{"self":[{"href":"https:\/\/www.fsg-ruethen.de\/fsg\/wp-json\/wp\/v2\/posts\/20451","targetHints":{"allow":["GET"]}}],"collection":[{"href":"https:\/\/www.fsg-ruethen.de\/fsg\/wp-json\/wp\/v2\/posts"}],"about":[{"href":"https:\/\/www.fsg-ruethen.de\/fsg\/wp-json\/wp\/v2\/types\/post"}],"author":[{"embeddable":true,"href":"https:\/\/www.fsg-ruethen.de\/fsg\/wp-json\/wp\/v2\/users\/5"}],"replies":[{"embeddable":true,"href":"https:\/\/www.fsg-ruethen.de\/fsg\/wp-json\/wp\/v2\/comments?post=20451"}],"version-history":[{"count":2,"href":"https:\/\/www.fsg-ruethen.de\/fsg\/wp-json\/wp\/v2\/posts\/20451\/revisions"}],"predecessor-version":[{"id":20462,"href":"https:\/\/www.fsg-ruethen.de\/fsg\/wp-json\/wp\/v2\/posts\/20451\/revisions\/20462"}],"wp:featuredmedia":[{"embeddable":true,"href":"https:\/\/www.fsg-ruethen.de\/fsg\/wp-json\/wp\/v2\/media\/7003"}],"wp:attachment":[{"href":"https:\/\/www.fsg-ruethen.de\/fsg\/wp-json\/wp\/v2\/media?parent=20451"}],"wp:term":[{"taxonomy":"category","embeddable":true,"href":"https:\/\/www.fsg-ruethen.de\/fsg\/wp-json\/wp\/v2\/categories?post=20451"},{"taxonomy":"post_tag","embeddable":true,"href":"https:\/\/www.fsg-ruethen.de\/fsg\/wp-json\/wp\/v2\/tags?post=20451"}],"curies":[{"name":"wp","href":"https:\/\/api.w.org\/{rel}","templated":true}]}}