{"id":17717,"date":"2025-10-10T19:10:34","date_gmt":"2025-10-10T17:10:34","guid":{"rendered":"https:\/\/www.fsg-ruethen.de\/fsg\/?p=17717"},"modified":"2025-10-10T19:10:36","modified_gmt":"2025-10-10T17:10:36","slug":"2-schueler-und-elternbrief-vom-10-10-2025","status":"publish","type":"post","link":"https:\/\/www.fsg-ruethen.de\/fsg\/2-schueler-und-elternbrief-vom-10-10-2025\/","title":{"rendered":"2. Sch\u00fcler- und Elternbrief vom 10.10.2025"},"content":{"rendered":"\n<p>Liebe Eltern, liebe Erziehungsberechtigte, <\/p>\n\n\n\n<p>liebe Sch\u00fclerinnen und Sch\u00fcler,<\/p>\n\n\n\n<p>zum Beginn der Herbstferien m\u00f6chte ich Ihnen einige Informationen zukommen lassen.<\/p>\n\n\n\n<p>Die Stufenversammlungen und Klassenpflegschaftssitzungen fanden in den vergangenen Wochen statt. Im Austausch mit den Stufenleitungen und den Klassenleitungsteams wurden viele Hinweise und Anregungen zur Weiterentwicklung des Schullebens gegeben.<\/p>\n\n\n\n<p>Im Rahmen der ersten Sitzung der Schulpflegschaft wurde Frau Heidel als Vorsitzende best\u00e4tigt. Die weiteren Vertreter der Schulpflegschaft f\u00fcr die Schulkonferenz sind in diesem Schuljahr Frau G\u00f6dde, Frau G\u00f6tte, Frau Farke, Frau Fechner und Herr Scholz. Als sehr positiv und kritisch-konstruktiv erwies sich der umfassende Austausch mit den Elternvertretern, der uns wichtige Hinweise f\u00fcr m\u00f6gliche oder auch notwendige Entwicklungs- und Organisationsma\u00dfnahmen aufzeigte.<\/p>\n\n\n\n<p>Ida Jacobs wurde in der Sch\u00fclerratssitzung zur Sch\u00fclersprecherin gew\u00e4hlt. Als Vertreterinnen und Vertreter stehen ihr Tudor Vartolomei und Stella Grass zur Seite. Weiterhin wurden als Sch\u00fclervertreter f\u00fcr die Schulkonferenz Greta Gockel, Heidi Kruse und Matilda Peters gew\u00e4hlt.<\/p>\n\n\n\n<p>Ich freue mich auf die Zusammenarbeit in den Schulmitwirkungsgremien.<\/p>\n\n\n\n<p>In der ersten Schulkonferenz wurde u.a. \u00fcber die schulische Situation informiert. So sind die Bauma\u00dfnahmen am Au\u00dfenbereich des Anbaus weitgehend abgeschlossen. Der Innenausausbau schreitet sehr gut voran, sodass uns die neuen R\u00e4ume ggf. schon im Laufe des zweiten Halbjahres zur Verf\u00fcgung stehen. Dar\u00fcber hinaus wurden die f\u00fcr das Jubil\u00e4umsjahr geplanten Veranstaltungen vorgestellt und weitere Ideen entwickelt. Beachten Sie hierzu bitte die Veranstaltungshinweise auf der Homepage.<\/p>\n\n\n\n<p>Mit dem Jubilauf fand am 16. September das erste Event des Jubil\u00e4umsjahres statt. Die Schulgemeinschaft \u201eerlief\u201c die herausragende Summe von \u00fcber 12.600\u20ac. Vielen Dank an alle Sponsoren, die dieses tolle Ergebnis erm\u00f6glicht haben. Als Spende an lokale Sozial- und Naturschutzprojekte legte die Schulkonferenz jeweils 1.000\u20ac fest. \u00a0\u00a0<\/p>\n\n\n\n<p>Die Sch\u00fcler- und Elternsprechtage werden nach R\u00fccksprache mit den Elternvertretern und dem Lehrerkollegium in folgender Form organisiert:<\/p>\n\n\n\n<p>Am Dienstag, den 18. November, findet der Sch\u00fclerinnen- und Sch\u00fclersprechtag statt. Hierzu erhalten sowohl Sie als auch die Sch\u00fclerinnen und Sch\u00fcler nach den Herbstferien noch weitere Informationen<\/p>\n\n\n\n<p>Am Donnerstag, den 20. November, findet der Elternsprechtag als Pr\u00e4senzsprechtag in der Zeit von 14 bis 18 Uhr statt.<\/p>\n\n\n\n<p>Am Montag, den 24. November, wird der Elternsprechtag als \u201eTelefonsprechtag\u201c in der Zeit von 15 bis 17 Uhr durchgef\u00fchrt.<\/p>\n\n\n\n<p>Genaue Informationen zu den Elternsprechtagen erhalten Sie in einem gesonderten Schreiben nach den Herbstferien.<\/p>\n\n\n\n<p>Zur Vorbereitung unseres am 15. November stattfindenden \u201eTags der offenen T\u00fcr\u201c wird Frau Wiegend-Claes in der Woche nach den Herbstferien die Grundschulen unseres Einzugsbereichs besuchen und die Kinder und ihre Eltern mit der aktuellen Schulbrosch\u00fcre herzlich einladen.<\/p>\n\n\n\n<p>Weitere Informationen zum aktuellen Schulgeschehen, zu einer Vielzahl von Veranstaltungen und Exkursionen und zu erfolgreichen Wettbewerbsteilnahmen finden Sie auf der Homepage und in den sozialen Netzwerken der Schule.<\/p>\n\n\n\n<p>Ich w\u00fcnsche Ihnen und euch erholsame Herbstferien und alles Gute!<\/p>\n\n\n\n<p>Mit herzlichen Gr\u00fc\u00dfen<\/p>\n\n\n\n<p>Heinfried Lichte<\/p>\n\n\n\n<p><strong>Termine:<\/strong><\/p>\n\n\n\n<p>15.11.&nbsp;&nbsp;&nbsp;&nbsp;&nbsp;&nbsp;&nbsp;&nbsp;&nbsp;&nbsp;&nbsp;&nbsp;&nbsp;&nbsp;&nbsp;&nbsp;&nbsp;&nbsp;&nbsp; Tag der offenen T\u00fcr<\/p>\n\n\n\n<p>18.11.&nbsp;&nbsp;&nbsp;&nbsp;&nbsp;&nbsp;&nbsp;&nbsp;&nbsp;&nbsp;&nbsp;&nbsp;&nbsp;&nbsp;&nbsp;&nbsp;&nbsp;&nbsp;&nbsp; Sprechtag f\u00fcr Sch\u00fclerinnen und Sch\u00fcler<\/p>\n\n\n\n<p>20.11.&nbsp;&nbsp;&nbsp;&nbsp;&nbsp;&nbsp;&nbsp;&nbsp;&nbsp;&nbsp;&nbsp;&nbsp;&nbsp;&nbsp;&nbsp;&nbsp;&nbsp;&nbsp;&nbsp; Elternsprechtag (Pr\u00e4senz)<\/p>\n\n\n\n<p>24.11.&nbsp;&nbsp;&nbsp;&nbsp;&nbsp;&nbsp;&nbsp;&nbsp;&nbsp;&nbsp;&nbsp;&nbsp;&nbsp;&nbsp;&nbsp;&nbsp;&nbsp;&nbsp;&nbsp; Elternsprechtag (Telefon)<\/p>\n","protected":false},"excerpt":{"rendered":"<p>Liebe Eltern, liebe Erziehungsberechtigte, liebe Sch\u00fclerinnen und Sch\u00fcler, zum Beginn der Herbstferien m\u00f6chte ich Ihnen einige Informationen zukommen lassen. Die Stufenversammlungen und Klassenpflegschaftssitzungen fanden in den vergangenen Wochen statt. Im [&hellip;]<\/p>\n","protected":false},"author":5,"featured_media":7003,"comment_status":"closed","ping_status":"closed","sticky":false,"template":"","format":"standard","meta":{"ocean_post_layout":"","ocean_both_sidebars_style":"","ocean_both_sidebars_content_width":0,"ocean_both_sidebars_sidebars_width":0,"ocean_sidebar":"ocs-fsg-aktuell","ocean_second_sidebar":"","ocean_disable_margins":"enable","ocean_add_body_class":"","ocean_shortcode_before_top_bar":"","ocean_shortcode_after_top_bar":"","ocean_shortcode_before_header":"","ocean_shortcode_after_header":"","ocean_has_shortcode":"","ocean_shortcode_after_title":"","ocean_shortcode_before_footer_widgets":"","ocean_shortcode_after_footer_widgets":"","ocean_shortcode_before_footer_bottom":"","ocean_shortcode_after_footer_bottom":"","ocean_display_top_bar":"default","ocean_display_header":"default","ocean_header_style":"","ocean_center_header_left_menu":"","ocean_custom_header_template":"","ocean_custom_logo":0,"ocean_custom_retina_logo":0,"ocean_custom_logo_max_width":0,"ocean_custom_logo_tablet_max_width":0,"ocean_custom_logo_mobile_max_width":0,"ocean_custom_logo_max_height":0,"ocean_custom_logo_tablet_max_height":0,"ocean_custom_logo_mobile_max_height":0,"ocean_header_custom_menu":"","ocean_menu_typo_font_family":"","ocean_menu_typo_font_subset":"","ocean_menu_typo_font_size":0,"ocean_menu_typo_font_size_tablet":0,"ocean_menu_typo_font_size_mobile":0,"ocean_menu_typo_font_size_unit":"px","ocean_menu_typo_font_weight":"","ocean_menu_typo_font_weight_tablet":"","ocean_menu_typo_font_weight_mobile":"","ocean_menu_typo_transform":"","ocean_menu_typo_transform_tablet":"","ocean_menu_typo_transform_mobile":"","ocean_menu_typo_line_height":0,"ocean_menu_typo_line_height_tablet":0,"ocean_menu_typo_line_height_mobile":0,"ocean_menu_typo_line_height_unit":"","ocean_menu_typo_spacing":0,"ocean_menu_typo_spacing_tablet":0,"ocean_menu_typo_spacing_mobile":0,"ocean_menu_typo_spacing_unit":"","ocean_menu_link_color":"","ocean_menu_link_color_hover":"","ocean_menu_link_color_active":"","ocean_menu_link_background":"","ocean_menu_link_hover_background":"","ocean_menu_link_active_background":"","ocean_menu_social_links_bg":"","ocean_menu_social_hover_links_bg":"","ocean_menu_social_links_color":"","ocean_menu_social_hover_links_color":"","ocean_disable_title":"default","ocean_disable_heading":"default","ocean_post_title":"","ocean_post_subheading":"","ocean_post_title_style":"","ocean_post_title_background_color":"","ocean_post_title_background":0,"ocean_post_title_bg_image_position":"","ocean_post_title_bg_image_attachment":"","ocean_post_title_bg_image_repeat":"","ocean_post_title_bg_image_size":"","ocean_post_title_height":0,"ocean_post_title_bg_overlay":0.5,"ocean_post_title_bg_overlay_color":"","ocean_disable_breadcrumbs":"default","ocean_breadcrumbs_color":"","ocean_breadcrumbs_separator_color":"","ocean_breadcrumbs_links_color":"","ocean_breadcrumbs_links_hover_color":"","ocean_display_footer_widgets":"default","ocean_display_footer_bottom":"default","ocean_custom_footer_template":"","omw_enable_modal_window":"enable","ocean_post_oembed":"","ocean_post_self_hosted_media":"","ocean_post_video_embed":"","ocean_link_format":"","ocean_link_format_target":"self","ocean_quote_format":"","ocean_quote_format_link":"post","ocean_gallery_link_images":"on","ocean_gallery_id":[],"footnotes":""},"categories":[91,2],"tags":[],"class_list":["post-17717","post","type-post","status-publish","format-standard","has-post-thumbnail","hentry","category-elternbriefe","category-fsg-aktuell","entry","has-media"],"_links":{"self":[{"href":"https:\/\/www.fsg-ruethen.de\/fsg\/wp-json\/wp\/v2\/posts\/17717","targetHints":{"allow":["GET"]}}],"collection":[{"href":"https:\/\/www.fsg-ruethen.de\/fsg\/wp-json\/wp\/v2\/posts"}],"about":[{"href":"https:\/\/www.fsg-ruethen.de\/fsg\/wp-json\/wp\/v2\/types\/post"}],"author":[{"embeddable":true,"href":"https:\/\/www.fsg-ruethen.de\/fsg\/wp-json\/wp\/v2\/users\/5"}],"replies":[{"embeddable":true,"href":"https:\/\/www.fsg-ruethen.de\/fsg\/wp-json\/wp\/v2\/comments?post=17717"}],"version-history":[{"count":1,"href":"https:\/\/www.fsg-ruethen.de\/fsg\/wp-json\/wp\/v2\/posts\/17717\/revisions"}],"predecessor-version":[{"id":17718,"href":"https:\/\/www.fsg-ruethen.de\/fsg\/wp-json\/wp\/v2\/posts\/17717\/revisions\/17718"}],"wp:featuredmedia":[{"embeddable":true,"href":"https:\/\/www.fsg-ruethen.de\/fsg\/wp-json\/wp\/v2\/media\/7003"}],"wp:attachment":[{"href":"https:\/\/www.fsg-ruethen.de\/fsg\/wp-json\/wp\/v2\/media?parent=17717"}],"wp:term":[{"taxonomy":"category","embeddable":true,"href":"https:\/\/www.fsg-ruethen.de\/fsg\/wp-json\/wp\/v2\/categories?post=17717"},{"taxonomy":"post_tag","embeddable":true,"href":"https:\/\/www.fsg-ruethen.de\/fsg\/wp-json\/wp\/v2\/tags?post=17717"}],"curies":[{"name":"wp","href":"https:\/\/api.w.org\/{rel}","templated":true}]}}