{"id":16817,"date":"2026-04-17T18:00:26","date_gmt":"2026-04-17T16:00:26","guid":{"rendered":"https:\/\/www.fsg-ruethen.de\/fsg\/?p=16817"},"modified":"2026-04-17T18:03:56","modified_gmt":"2026-04-17T16:03:56","slug":"100-jahre-gymnasium-in-ruethen","status":"publish","type":"post","link":"https:\/\/www.fsg-ruethen.de\/fsg\/100-jahre-gymnasium-in-ruethen\/","title":{"rendered":"100 Jahre Gymnasium in R\u00fcthen"},"content":{"rendered":"\n<h2 class=\"wp-block-heading\">1926 wurde in R\u00fcthen die \u201eStaatliche Oberschule in Aufbauform\u201c, eine sogenannte Aufbauschule gegr\u00fcndet.<\/h2>\n\n\n\n<p>Auf dieser Seite werden wir \u00fcber die geplanten Aktionen im Zusammenhang mit dem 100-j\u00e4hrigen Bestehen unserer Schule informieren.<\/p>\n\n\n<div class=\"wp-block-image\">\n<figure class=\"aligncenter size-full\"><img fetchpriority=\"high\" decoding=\"async\" width=\"450\" height=\"643\" src=\"https:\/\/www.fsg-ruethen.de\/fsg\/wp-content\/uploads\/2026\/02\/Terminankuendigung_FSG_100_neu_450.jpg\" alt=\"\" class=\"wp-image-18888\" srcset=\"https:\/\/www.fsg-ruethen.de\/fsg\/wp-content\/uploads\/2026\/02\/Terminankuendigung_FSG_100_neu_450.jpg 450w, https:\/\/www.fsg-ruethen.de\/fsg\/wp-content\/uploads\/2026\/02\/Terminankuendigung_FSG_100_neu_450-210x300.jpg 210w\" sizes=\"(max-width: 450px) 100vw, 450px\" \/><\/figure>\n<\/div>\n\n\n<div style=\"height:50px\" aria-hidden=\"true\" class=\"wp-block-spacer\"><\/div>\n\n\n\n<figure class=\"wp-block-gallery has-nested-images columns-default is-cropped wp-block-gallery-1 is-layout-flex wp-block-gallery-is-layout-flex\">\n<figure class=\"wp-block-image size-large\"><img decoding=\"async\" width=\"450\" height=\"635\" data-id=\"18890\" src=\"https:\/\/www.fsg-ruethen.de\/fsg\/wp-content\/uploads\/2026\/02\/FSG_Plakat_GreatestShow_450.jpg\" alt=\"\" class=\"wp-image-18890\" srcset=\"https:\/\/www.fsg-ruethen.de\/fsg\/wp-content\/uploads\/2026\/02\/FSG_Plakat_GreatestShow_450.jpg 450w, https:\/\/www.fsg-ruethen.de\/fsg\/wp-content\/uploads\/2026\/02\/FSG_Plakat_GreatestShow_450-213x300.jpg 213w\" sizes=\"(max-width: 450px) 100vw, 450px\" \/><\/figure>\n\n\n\n<figure class=\"wp-block-image size-large\"><img decoding=\"async\" width=\"450\" height=\"635\" data-id=\"18600\" src=\"https:\/\/www.fsg-ruethen.de\/fsg\/wp-content\/uploads\/2025\/07\/Plakat_DieDaktiker_450.jpg\" alt=\"\" class=\"wp-image-18600\" srcset=\"https:\/\/www.fsg-ruethen.de\/fsg\/wp-content\/uploads\/2025\/07\/Plakat_DieDaktiker_450.jpg 450w, https:\/\/www.fsg-ruethen.de\/fsg\/wp-content\/uploads\/2025\/07\/Plakat_DieDaktiker_450-213x300.jpg 213w\" sizes=\"(max-width: 450px) 100vw, 450px\" \/><\/figure>\n<\/figure>\n\n\n\n<div style=\"height:65px\" aria-hidden=\"true\" class=\"wp-block-spacer\"><\/div>\n\n\n\n<p>Es gibt auf WhatsApp einen eigenen Jubil\u00e4umskanal. Beitreten kann man \u00fcber den folgenden QR-Code oder \u00fcber den angef\u00fcgten Link:<\/p>\n\n\n\n<div class=\"wp-block-media-text is-stacked-on-mobile\" style=\"grid-template-columns:33% auto\"><figure class=\"wp-block-media-text__media\"><img loading=\"lazy\" decoding=\"async\" width=\"400\" height=\"451\" src=\"https:\/\/www.fsg-ruethen.de\/fsg\/wp-content\/uploads\/2026\/01\/WhatsApp-Kanal_Code_400.jpg\" alt=\"\" class=\"wp-image-18675 size-full\" srcset=\"https:\/\/www.fsg-ruethen.de\/fsg\/wp-content\/uploads\/2026\/01\/WhatsApp-Kanal_Code_400.jpg 400w, https:\/\/www.fsg-ruethen.de\/fsg\/wp-content\/uploads\/2026\/01\/WhatsApp-Kanal_Code_400-266x300.jpg 266w\" sizes=\"(max-width: 400px) 100vw, 400px\" \/><\/figure><div class=\"wp-block-media-text__content\">\n<p>Folge dem Kanal 100 Jahre FSG R\u00fcthen auf WhatsApp: <a href=\"https:\/\/whatsapp.com\/channel\/0029Vb6ujc16WaKqp4mALS1s\">https:\/\/whatsapp.com\/channel\/0029Vb6ujc16WaKqp4mALS1s<\/a><\/p>\n<\/div><\/div>\n\n\n\n<p>\u200e<\/p>\n\n\n\n<div style=\"height:61px\" aria-hidden=\"true\" class=\"wp-block-spacer\"><\/div>\n\n\n\n<figure class=\"wp-block-gallery has-nested-images columns-4 is-cropped wp-block-gallery-2 is-layout-flex wp-block-gallery-is-layout-flex\">\n<figure class=\"wp-block-image size-large\"><a href=\"https:\/\/www.fsg-ruethen.de\/fsg\/wp-content\/uploads\/2026\/01\/Ehemaligenchor_1_400.jpg\"><img loading=\"lazy\" decoding=\"async\" width=\"400\" height=\"566\" data-id=\"18679\" src=\"https:\/\/www.fsg-ruethen.de\/fsg\/wp-content\/uploads\/2026\/01\/Ehemaligenchor_1_400.jpg\" alt=\"\" class=\"wp-image-18679\" srcset=\"https:\/\/www.fsg-ruethen.de\/fsg\/wp-content\/uploads\/2026\/01\/Ehemaligenchor_1_400.jpg 400w, https:\/\/www.fsg-ruethen.de\/fsg\/wp-content\/uploads\/2026\/01\/Ehemaligenchor_1_400-212x300.jpg 212w\" sizes=\"(max-width: 400px) 100vw, 400px\" \/><\/a><\/figure>\n\n\n\n<figure class=\"wp-block-image size-large\"><a href=\"https:\/\/www.fsg-ruethen.de\/fsg\/wp-content\/uploads\/2026\/01\/Ehemaligenchor_2_400.jpg\"><img loading=\"lazy\" decoding=\"async\" width=\"400\" height=\"566\" data-id=\"18680\" src=\"https:\/\/www.fsg-ruethen.de\/fsg\/wp-content\/uploads\/2026\/01\/Ehemaligenchor_2_400.jpg\" alt=\"\" class=\"wp-image-18680\" srcset=\"https:\/\/www.fsg-ruethen.de\/fsg\/wp-content\/uploads\/2026\/01\/Ehemaligenchor_2_400.jpg 400w, https:\/\/www.fsg-ruethen.de\/fsg\/wp-content\/uploads\/2026\/01\/Ehemaligenchor_2_400-212x300.jpg 212w\" sizes=\"(max-width: 400px) 100vw, 400px\" \/><\/a><\/figure>\n\n\n\n<figure class=\"wp-block-image size-large\"><a href=\"https:\/\/www.fsg-ruethen.de\/fsg\/wp-content\/uploads\/2026\/01\/Ehemaligenchor_3_400.jpg\"><img loading=\"lazy\" decoding=\"async\" width=\"400\" height=\"566\" data-id=\"18681\" src=\"https:\/\/www.fsg-ruethen.de\/fsg\/wp-content\/uploads\/2026\/01\/Ehemaligenchor_3_400.jpg\" alt=\"\" class=\"wp-image-18681\" srcset=\"https:\/\/www.fsg-ruethen.de\/fsg\/wp-content\/uploads\/2026\/01\/Ehemaligenchor_3_400.jpg 400w, https:\/\/www.fsg-ruethen.de\/fsg\/wp-content\/uploads\/2026\/01\/Ehemaligenchor_3_400-212x300.jpg 212w\" sizes=\"(max-width: 400px) 100vw, 400px\" \/><\/a><\/figure>\n\n\n\n<figure class=\"wp-block-image size-large\"><a href=\"https:\/\/www.fsg-ruethen.de\/fsg\/wp-content\/uploads\/2026\/01\/Ehemaligenchor_4_400.jpg\"><img loading=\"lazy\" decoding=\"async\" width=\"400\" height=\"566\" data-id=\"18678\" src=\"https:\/\/www.fsg-ruethen.de\/fsg\/wp-content\/uploads\/2026\/01\/Ehemaligenchor_4_400.jpg\" alt=\"\" class=\"wp-image-18678\" srcset=\"https:\/\/www.fsg-ruethen.de\/fsg\/wp-content\/uploads\/2026\/01\/Ehemaligenchor_4_400.jpg 400w, https:\/\/www.fsg-ruethen.de\/fsg\/wp-content\/uploads\/2026\/01\/Ehemaligenchor_4_400-212x300.jpg 212w\" sizes=\"(max-width: 400px) 100vw, 400px\" \/><\/a><\/figure>\n<\/figure>\n\n\n\n<p>Zum Vergr\u00f6\u00dfern bitte auf die Bilder klicken!<\/p>\n\n\n\n<div style=\"height:45px\" aria-hidden=\"true\" class=\"wp-block-spacer\"><\/div>\n\n\n<div class=\"wp-block-image\">\n<figure class=\"aligncenter size-full is-resized\"><img loading=\"lazy\" decoding=\"async\" width=\"450\" height=\"675\" src=\"https:\/\/www.fsg-ruethen.de\/fsg\/wp-content\/uploads\/2026\/01\/Ehemaligenorchester_450.jpg\" alt=\"\" class=\"wp-image-18685\" style=\"width:353px;height:auto\" srcset=\"https:\/\/www.fsg-ruethen.de\/fsg\/wp-content\/uploads\/2026\/01\/Ehemaligenorchester_450.jpg 450w, https:\/\/www.fsg-ruethen.de\/fsg\/wp-content\/uploads\/2026\/01\/Ehemaligenorchester_450-200x300.jpg 200w\" sizes=\"(max-width: 450px) 100vw, 450px\" \/><\/figure>\n<\/div>\n\n\n<div style=\"height:35px\" aria-hidden=\"true\" class=\"wp-block-spacer\"><\/div>\n\n\n\n<figure class=\"wp-block-embed is-type-wp-embed is-provider-friedrich-spee-gymnasium-r-then wp-block-embed-friedrich-spee-gymnasium-r-then\"><div class=\"wp-block-embed__wrapper\">\n<div class=\"oceanwp-oembed-wrap clr\"><blockquote class=\"wp-embedded-content\" data-secret=\"UZq8PNB5Wk\"><a href=\"https:\/\/www.fsg-ruethen.de\/fsg\/mit-paukern-und-trompeten-ins-jubilaeumsjahr\/\">\u201eMit Pauke(r)n und Trompeten ins Jubil\u00e4umsjahr\u201c<\/a><\/blockquote><iframe class=\"wp-embedded-content\" sandbox=\"allow-scripts\" security=\"restricted\" style=\"position: absolute; visibility: hidden;\" title=\"&#8222;\u201eMit Pauke(r)n und Trompeten ins Jubil\u00e4umsjahr\u201c&#8220; &#8211; Friedrich-Spee-Gymnasium R\u00fcthen\" src=\"https:\/\/www.fsg-ruethen.de\/fsg\/mit-paukern-und-trompeten-ins-jubilaeumsjahr\/embed\/#?secret=v4nqcp7SrS#?secret=UZq8PNB5Wk\" data-secret=\"UZq8PNB5Wk\" width=\"600\" height=\"338\" frameborder=\"0\" marginwidth=\"0\" marginheight=\"0\" scrolling=\"no\"><\/iframe><\/div>\n<\/div><\/figure>\n\n\n\n<div style=\"height:42px\" aria-hidden=\"true\" class=\"wp-block-spacer\"><\/div>\n\n\n\n<p><strong>FSG erz\u00e4hl mal &#8211; Unsere Schule wird 100 und hat schon so viel erlebt!!!! <\/strong>\ud83d\udcaf\ud83c\udfeb\ud83c\udfc6<br><br>Welche lustigen, traurigen oder spannenden Geschichten w\u00fcrde unsere Schule wohl erz\u00e4hlen?&nbsp;&nbsp;<br>Zum 100j\u00e4hrigen Jubil\u00e4um suchen wir Ihre und eure Geschichten!!<br>\ud83d\udcd6\ud83d\udcda\ud83d\udcf7<br>Wie hat das FSG die Mitglieder seiner Schulgemeinschaft gepr\u00e4gt, inspiriert, am\u00fcsiert und belehrt? Wir sind gespannt auf Ihre und eure Anekdoten, lustigen Erz\u00e4hlungen oder Erinnerungen an bewegende Momente!<br>\ud83d\udcbc\ud83c\udf92<br>Wir freuen uns auf zahlreiche Erinnerungen als Text oder Bild an <a href=\"mailto:wiese.c@fsgrue.de\">wiese.c@fsgrue.de<\/a><\/p>\n\n\n\n<div style=\"height:38px\" aria-hidden=\"true\" class=\"wp-block-spacer\"><\/div>\n\n\n\n<figure class=\"wp-block-embed is-type-wp-embed is-provider-friedrich-spee-gymnasium-r-then wp-block-embed-friedrich-spee-gymnasium-r-then\"><div class=\"wp-block-embed__wrapper\">\n<div class=\"oceanwp-oembed-wrap clr\"><blockquote class=\"wp-embedded-content\" data-secret=\"XJJcRJoMoQ\"><a href=\"https:\/\/www.fsg-ruethen.de\/fsg\/musicalabend-begeistert-publikum-zum-schuljubilaeum\/\">Musicalabend begeistert Publikum zum Schuljubil\u00e4um<\/a><\/blockquote><iframe class=\"wp-embedded-content\" sandbox=\"allow-scripts\" security=\"restricted\" style=\"position: absolute; visibility: hidden;\" title=\"&#8222;Musicalabend begeistert Publikum zum Schuljubil\u00e4um&#8220; &#8211; Friedrich-Spee-Gymnasium R\u00fcthen\" src=\"https:\/\/www.fsg-ruethen.de\/fsg\/musicalabend-begeistert-publikum-zum-schuljubilaeum\/embed\/#?secret=VJHb5UkKbw#?secret=XJJcRJoMoQ\" data-secret=\"XJJcRJoMoQ\" width=\"600\" height=\"338\" frameborder=\"0\" marginwidth=\"0\" marginheight=\"0\" scrolling=\"no\"><\/iframe><\/div>\n<\/div><\/figure>\n\n\n\n<div style=\"height:38px\" aria-hidden=\"true\" class=\"wp-block-spacer\"><\/div>\n\n\n\n<figure class=\"wp-block-embed is-type-wp-embed is-provider-friedrich-spee-gymnasium-r-then wp-block-embed-friedrich-spee-gymnasium-r-then\"><div class=\"wp-block-embed__wrapper\">\n<div class=\"oceanwp-oembed-wrap clr\"><blockquote class=\"wp-embedded-content\" data-secret=\"GMAheOheEH\"><a href=\"https:\/\/www.fsg-ruethen.de\/fsg\/prominenter-besuch-in-der-reihe-ehemalige-erzaehlen\/\">Prominenter Besuch in der Reihe \u201eEhemalige erz\u00e4hlen\u201c<\/a><\/blockquote><iframe class=\"wp-embedded-content\" sandbox=\"allow-scripts\" security=\"restricted\" style=\"position: absolute; visibility: hidden;\" title=\"&#8222;Prominenter Besuch in der Reihe \u201eEhemalige erz\u00e4hlen\u201c&#8220; &#8211; Friedrich-Spee-Gymnasium R\u00fcthen\" src=\"https:\/\/www.fsg-ruethen.de\/fsg\/prominenter-besuch-in-der-reihe-ehemalige-erzaehlen\/embed\/#?secret=emuyZZVwQn#?secret=GMAheOheEH\" data-secret=\"GMAheOheEH\" width=\"600\" height=\"338\" frameborder=\"0\" marginwidth=\"0\" marginheight=\"0\" scrolling=\"no\"><\/iframe><\/div>\n<\/div><\/figure>\n\n\n\n<div style=\"height:43px\" aria-hidden=\"true\" class=\"wp-block-spacer\"><\/div>\n\n\n\n<figure class=\"wp-block-embed is-type-wp-embed is-provider-friedrich-spee-gymnasium-r-then wp-block-embed-friedrich-spee-gymnasium-r-then\"><div class=\"wp-block-embed__wrapper\">\n<div class=\"oceanwp-oembed-wrap clr\"><blockquote class=\"wp-embedded-content\" data-secret=\"f1VOpeQi52\"><a href=\"https:\/\/www.fsg-ruethen.de\/fsg\/deutschlands-dienstaeltestes-lehrerkabarett-am-friedrich-spee-gymnasium-ruethen-zu-gast\/\">Deutschlands dienst\u00e4ltestes Lehrerkabarett am Friedrich-Spee-Gymnasium R\u00fcthen zu Gast<\/a><\/blockquote><iframe class=\"wp-embedded-content\" sandbox=\"allow-scripts\" security=\"restricted\" style=\"position: absolute; visibility: hidden;\" title=\"&#8222;Deutschlands dienst\u00e4ltestes Lehrerkabarett am Friedrich-Spee-Gymnasium R\u00fcthen zu Gast&#8220; &#8211; Friedrich-Spee-Gymnasium R\u00fcthen\" src=\"https:\/\/www.fsg-ruethen.de\/fsg\/deutschlands-dienstaeltestes-lehrerkabarett-am-friedrich-spee-gymnasium-ruethen-zu-gast\/embed\/#?secret=emIvZx6hH7#?secret=f1VOpeQi52\" data-secret=\"f1VOpeQi52\" width=\"600\" height=\"338\" frameborder=\"0\" marginwidth=\"0\" marginheight=\"0\" scrolling=\"no\"><\/iframe><\/div>\n<\/div><\/figure>\n\n\n\n<div style=\"height:40px\" aria-hidden=\"true\" class=\"wp-block-spacer\"><\/div>\n\n\n\n<figure class=\"wp-block-gallery has-nested-images columns-default is-cropped wp-block-gallery-3 is-layout-flex wp-block-gallery-is-layout-flex\">\n<figure class=\"wp-block-image size-large\"><img loading=\"lazy\" decoding=\"async\" width=\"450\" height=\"637\" data-id=\"19118\" src=\"https:\/\/www.fsg-ruethen.de\/fsg\/wp-content\/uploads\/2026\/03\/Plakat_Ornitologische-Wanderung_450.jpg\" alt=\"\" class=\"wp-image-19118\" srcset=\"https:\/\/www.fsg-ruethen.de\/fsg\/wp-content\/uploads\/2026\/03\/Plakat_Ornitologische-Wanderung_450.jpg 450w, https:\/\/www.fsg-ruethen.de\/fsg\/wp-content\/uploads\/2026\/03\/Plakat_Ornitologische-Wanderung_450-212x300.jpg 212w\" sizes=\"(max-width: 450px) 100vw, 450px\" \/><\/figure>\n\n\n\n<figure class=\"wp-block-image size-large\"><img loading=\"lazy\" decoding=\"async\" width=\"450\" height=\"624\" data-id=\"19139\" src=\"https:\/\/www.fsg-ruethen.de\/fsg\/wp-content\/uploads\/2026\/03\/Konzert-Kammerorchester_450.jpg\" alt=\"\" class=\"wp-image-19139\" srcset=\"https:\/\/www.fsg-ruethen.de\/fsg\/wp-content\/uploads\/2026\/03\/Konzert-Kammerorchester_450.jpg 450w, https:\/\/www.fsg-ruethen.de\/fsg\/wp-content\/uploads\/2026\/03\/Konzert-Kammerorchester_450-216x300.jpg 216w\" sizes=\"(max-width: 450px) 100vw, 450px\" \/><\/figure>\n<\/figure>\n\n\n\n<div style=\"height:34px\" aria-hidden=\"true\" class=\"wp-block-spacer\"><\/div>\n\n\n\n<figure class=\"wp-block-embed is-type-wp-embed is-provider-friedrich-spee-gymnasium-r-then wp-block-embed-friedrich-spee-gymnasium-r-then\"><div class=\"wp-block-embed__wrapper\">\n<div class=\"oceanwp-oembed-wrap clr\"><blockquote class=\"wp-embedded-content\" data-secret=\"GkjmCW1MKG\"><a href=\"https:\/\/www.fsg-ruethen.de\/fsg\/eine-ehemalige-berichtet-aus-israel\/\">Eine Ehemalige berichtet aus Israel<\/a><\/blockquote><iframe class=\"wp-embedded-content\" sandbox=\"allow-scripts\" security=\"restricted\" style=\"position: absolute; visibility: hidden;\" title=\"&#8222;Eine Ehemalige berichtet aus Israel&#8220; &#8211; Friedrich-Spee-Gymnasium R\u00fcthen\" src=\"https:\/\/www.fsg-ruethen.de\/fsg\/eine-ehemalige-berichtet-aus-israel\/embed\/#?secret=COWgNzK6hJ#?secret=GkjmCW1MKG\" data-secret=\"GkjmCW1MKG\" width=\"600\" height=\"338\" frameborder=\"0\" marginwidth=\"0\" marginheight=\"0\" scrolling=\"no\"><\/iframe><\/div>\n<\/div><\/figure>\n","protected":false},"excerpt":{"rendered":"<p>1926 wurde in R\u00fcthen die \u201eStaatliche Oberschule in Aufbauform\u201c, eine sogenannte Aufbauschule gegr\u00fcndet. Auf dieser Seite werden wir \u00fcber die geplanten Aktionen im Zusammenhang mit dem 100-j\u00e4hrigen Bestehen unserer Schule [&hellip;]<\/p>\n","protected":false},"author":1,"featured_media":17153,"comment_status":"closed","ping_status":"closed","sticky":true,"template":"","format":"standard","meta":{"ocean_post_layout":"","ocean_both_sidebars_style":"","ocean_both_sidebars_content_width":0,"ocean_both_sidebars_sidebars_width":0,"ocean_sidebar":"ocs-fsg-aktuell","ocean_second_sidebar":"","ocean_disable_margins":"enable","ocean_add_body_class":"","ocean_shortcode_before_top_bar":"","ocean_shortcode_after_top_bar":"","ocean_shortcode_before_header":"","ocean_shortcode_after_header":"","ocean_has_shortcode":"","ocean_shortcode_after_title":"","ocean_shortcode_before_footer_widgets":"","ocean_shortcode_after_footer_widgets":"","ocean_shortcode_before_footer_bottom":"","ocean_shortcode_after_footer_bottom":"","ocean_display_top_bar":"default","ocean_display_header":"default","ocean_header_style":"","ocean_center_header_left_menu":"","ocean_custom_header_template":"","ocean_custom_logo":0,"ocean_custom_retina_logo":0,"ocean_custom_logo_max_width":0,"ocean_custom_logo_tablet_max_width":0,"ocean_custom_logo_mobile_max_width":0,"ocean_custom_logo_max_height":0,"ocean_custom_logo_tablet_max_height":0,"ocean_custom_logo_mobile_max_height":0,"ocean_header_custom_menu":"","ocean_menu_typo_font_family":"","ocean_menu_typo_font_subset":"","ocean_menu_typo_font_size":0,"ocean_menu_typo_font_size_tablet":0,"ocean_menu_typo_font_size_mobile":0,"ocean_menu_typo_font_size_unit":"px","ocean_menu_typo_font_weight":"","ocean_menu_typo_font_weight_tablet":"","ocean_menu_typo_font_weight_mobile":"","ocean_menu_typo_transform":"","ocean_menu_typo_transform_tablet":"","ocean_menu_typo_transform_mobile":"","ocean_menu_typo_line_height":0,"ocean_menu_typo_line_height_tablet":0,"ocean_menu_typo_line_height_mobile":0,"ocean_menu_typo_line_height_unit":"","ocean_menu_typo_spacing":0,"ocean_menu_typo_spacing_tablet":0,"ocean_menu_typo_spacing_mobile":0,"ocean_menu_typo_spacing_unit":"","ocean_menu_link_color":"","ocean_menu_link_color_hover":"","ocean_menu_link_color_active":"","ocean_menu_link_background":"","ocean_menu_link_hover_background":"","ocean_menu_link_active_background":"","ocean_menu_social_links_bg":"","ocean_menu_social_hover_links_bg":"","ocean_menu_social_links_color":"","ocean_menu_social_hover_links_color":"","ocean_disable_title":"default","ocean_disable_heading":"default","ocean_post_title":"","ocean_post_subheading":"","ocean_post_title_style":"","ocean_post_title_background_color":"","ocean_post_title_background":0,"ocean_post_title_bg_image_position":"","ocean_post_title_bg_image_attachment":"","ocean_post_title_bg_image_repeat":"","ocean_post_title_bg_image_size":"","ocean_post_title_height":0,"ocean_post_title_bg_overlay":0.5,"ocean_post_title_bg_overlay_color":"","ocean_disable_breadcrumbs":"default","ocean_breadcrumbs_color":"","ocean_breadcrumbs_separator_color":"","ocean_breadcrumbs_links_color":"","ocean_breadcrumbs_links_hover_color":"","ocean_display_footer_widgets":"default","ocean_display_footer_bottom":"default","ocean_custom_footer_template":"","omw_enable_modal_window":"enable","ocean_post_oembed":"","ocean_post_self_hosted_media":"","ocean_post_video_embed":"","ocean_link_format":"","ocean_link_format_target":"self","ocean_quote_format":"","ocean_quote_format_link":"post","ocean_gallery_link_images":"on","ocean_gallery_id":[],"footnotes":""},"categories":[2],"tags":[],"class_list":["post-16817","post","type-post","status-publish","format-standard","has-post-thumbnail","hentry","category-fsg-aktuell","entry","has-media"],"_links":{"self":[{"href":"https:\/\/www.fsg-ruethen.de\/fsg\/wp-json\/wp\/v2\/posts\/16817","targetHints":{"allow":["GET"]}}],"collection":[{"href":"https:\/\/www.fsg-ruethen.de\/fsg\/wp-json\/wp\/v2\/posts"}],"about":[{"href":"https:\/\/www.fsg-ruethen.de\/fsg\/wp-json\/wp\/v2\/types\/post"}],"author":[{"embeddable":true,"href":"https:\/\/www.fsg-ruethen.de\/fsg\/wp-json\/wp\/v2\/users\/1"}],"replies":[{"embeddable":true,"href":"https:\/\/www.fsg-ruethen.de\/fsg\/wp-json\/wp\/v2\/comments?post=16817"}],"version-history":[{"count":18,"href":"https:\/\/www.fsg-ruethen.de\/fsg\/wp-json\/wp\/v2\/posts\/16817\/revisions"}],"predecessor-version":[{"id":19287,"href":"https:\/\/www.fsg-ruethen.de\/fsg\/wp-json\/wp\/v2\/posts\/16817\/revisions\/19287"}],"wp:featuredmedia":[{"embeddable":true,"href":"https:\/\/www.fsg-ruethen.de\/fsg\/wp-json\/wp\/v2\/media\/17153"}],"wp:attachment":[{"href":"https:\/\/www.fsg-ruethen.de\/fsg\/wp-json\/wp\/v2\/media?parent=16817"}],"wp:term":[{"taxonomy":"category","embeddable":true,"href":"https:\/\/www.fsg-ruethen.de\/fsg\/wp-json\/wp\/v2\/categories?post=16817"},{"taxonomy":"post_tag","embeddable":true,"href":"https:\/\/www.fsg-ruethen.de\/fsg\/wp-json\/wp\/v2\/tags?post=16817"}],"curies":[{"name":"wp","href":"https:\/\/api.w.org\/{rel}","templated":true}]}}